{"id":4067,"date":"2016-09-28T11:37:40","date_gmt":"2016-09-28T14:37:40","guid":{"rendered":"https:\/\/sebras.com.br\/site\/?post_type=blog&#038;p=4067"},"modified":"2025-06-18T11:40:06","modified_gmt":"2025-06-18T14:40:06","slug":"feira-mercopar-2016-sebras-marcando-presenca-na-25a-edicao-em-caxias-do-sul-rs","status":"publish","type":"blog","link":"https:\/\/sebras.com.br\/es\/blog\/feira-mercopar-2016-sebras-marcando-presenca-na-25a-edicao-em-caxias-do-sul-rs\/","title":{"rendered":"Feira Mercopar 2016 \u2013 SEBRAS marcando presen\u00e7a na 25\u00aa edi\u00e7\u00e3o em Caxias do Sul\/RS"},"content":{"rendered":"<div data-elementor-type=\"wp-post\" data-elementor-id=\"4067\" class=\"elementor elementor-4067\" data-elementor-post-type=\"blog\">\n\t\t\t\t\t\t<section class=\"elementor-section elementor-top-section elementor-element elementor-element-9cc0d7f elementor-section-boxed elementor-section-height-default elementor-section-height-default\" data-id=\"9cc0d7f\" data-element_type=\"section\">\n\t\t\t\t\t\t<div class=\"elementor-container elementor-column-gap-default\">\n\t\t\t\t\t<div class=\"elementor-column elementor-col-100 elementor-top-column elementor-element elementor-element-41de89d\" data-id=\"41de89d\" data-element_type=\"column\">\n\t\t\t<div class=\"elementor-widget-wrap elementor-element-populated\">\n\t\t\t\t\t\t<div class=\"elementor-element elementor-element-7bb9274 elementor-widget elementor-widget-text-editor\" data-id=\"7bb9274\" data-element_type=\"widget\" data-widget_type=\"text-editor.default\">\n\t\t\t\t<div class=\"elementor-widget-container\">\n\t\t\t\t\t\t\t\t\t<p style=\"text-align: justify;\">Feira Mercopar 2016 ser\u00e1 de 4 a 7 de outubro no Centro de Feiras e Eventos Festa da Uva. Realizada pelo Servi\u00e7o de Apoio \u00e0s Micro e Pequenas Empresas do Rio Grande do Sul (SEBRAE\/RS) e pela Hannover Fairs Sulamerica, Empresa do Grupo Deutsche Messe AG.<\/p>\r\n\r\n\r\nA SEBRAS se especializou nos \u00faltimos anos a fornecer solu\u00e7\u00f5es especiais para isolamento de ambientes industriais. Somos a principal empresa do pa\u00eds fabricante de portas para grandes v\u00e3os atrav\u00e9s das portas\u00a0<a href=\"http:\/\/sebrasnovo.sebras.com.br\/previa\/porta-gigante\/\"><strong>Maxidoor<\/strong><\/a>.\u00a0Produto 100% nacional que permite o fechamento flex\u00edvel para praticamente qualquer medida.\r\n<p style=\"text-align: justify;\">Outra solu\u00e7\u00e3o desenvolvida pela SEBRAS s\u00e3o as portas para locais com passagem de ponte rolante. Nossa solu\u00e7\u00e3o oferece total veda\u00e7\u00e3o do v\u00e3o mantendo a condi\u00e7\u00e3o de passagem da ponte rolante entre a porta.<\/p>\r\n<p style=\"text-align: justify;\">Desenvolvemos solu\u00e7\u00f5es em isolamento de ambientes integrados e interligados com outros equipamentos atrav\u00e9s de pain\u00e9is de comando especialmente projetados para as aplica\u00e7\u00f5es.<\/p>\r\n<p style=\"text-align: justify;\">Utilizamos nossa tecnologia para enclausurar m\u00e1quinas, reduzindo os riscos de acidentes, controle de acesso, atender normas de seguran\u00e7a e melhorar as condi\u00e7\u00f5es de trabalho do ambiente.<\/p>\r\n\r\n<h5 style=\"text-align: center;\"><span style=\"color: #a80000;\"><strong>Veja o que ser\u00e1 apresentado na Feira Mercopar 2016<\/strong><\/span><\/h5>\r\n<p style=\"text-align: justify;\">A SEBRAS ir\u00e1 apresentar dois modelos de porta r\u00e1pida na Feira Mercopar 2016 para demonstra\u00e7\u00e3o aos visitantes. Portas com abertura r\u00e1pida de 1m\/s, sensores de seguran\u00e7a anti esmagamento entre outro itens que a porta contempla. A SEBRAS \u00e9 especializada em solu\u00e7\u00f5es para isolamento de ambientes industriais onde o tr\u00e1fego de cargas ou pessoas \u00e9 intenso. Fundada em 2003 ao logo dos anos vem adquirindo grande experi\u00eancia no desenvolvimento de portas r\u00e1pidas. Robustas, seguras e de f\u00e1cil manuseio. Portas que proporcionam os seus clientes economia de energia, alto n\u00edvel de qualidade, agilidade nos processos produtivos, ambiente isolados, limpos e redu\u00e7\u00e3o nos custos de manuten\u00e7\u00e3o e tempo de parada. A SEBRAS possui uma equipe t\u00e9cnica pr\u00f3pria de instala\u00e7\u00e3o e assist\u00eancia t\u00e9cnica para garantir atendimento de qualidade em todo Brasil.<\/p>\t\t\t\t\t\t\t\t<\/div>\n\t\t\t\t<\/div>\n\t\t\t\t\t<\/div>\n\t\t<\/div>\n\t\t\t\t\t<\/div>\n\t\t<\/section>\n\t\t\t\t<section class=\"elementor-section elementor-top-section elementor-element elementor-element-659eb74 elementor-section-boxed elementor-section-height-default elementor-section-height-default\" data-id=\"659eb74\" data-element_type=\"section\">\n\t\t\t\t\t\t<div class=\"elementor-container elementor-column-gap-default\">\n\t\t\t\t\t<div class=\"elementor-column elementor-col-100 elementor-top-column elementor-element elementor-element-0c4533a\" data-id=\"0c4533a\" data-element_type=\"column\">\n\t\t\t<div class=\"elementor-widget-wrap elementor-element-populated\">\n\t\t\t\t\t\t<div class=\"elementor-element elementor-element-967e0df elementor-widget elementor-widget-heading\" data-id=\"967e0df\" data-element_type=\"widget\" data-widget_type=\"heading.default\">\n\t\t\t\t<div class=\"elementor-widget-container\">\n\t\t\t\t\t<h6 class=\"elementor-heading-title elementor-size-default\">Para mais informa\u00e7\u00f5es ou caso esteja precisando de um or\u00e7amento, basta entrar em contato conosco atrav\u00e9s dos canais de atendimento abaixo.\n<\/h6>\t\t\t\t<\/div>\n\t\t\t\t<\/div>\n\t\t\t\t\t<\/div>\n\t\t<\/div>\n\t\t\t\t\t<\/div>\n\t\t<\/section>\n\t\t\t\t<section class=\"elementor-section elementor-top-section elementor-element elementor-element-769f061 elementor-section-boxed elementor-section-height-default elementor-section-height-default\" data-id=\"769f061\" data-element_type=\"section\">\n\t\t\t\t\t\t<div class=\"elementor-container elementor-column-gap-default\">\n\t\t\t\t\t<div class=\"elementor-column elementor-col-33 elementor-top-column elementor-element elementor-element-0aad762\" data-id=\"0aad762\" data-element_type=\"column\">\n\t\t\t<div class=\"elementor-widget-wrap elementor-element-populated\">\n\t\t\t\t\t\t<div class=\"elementor-element elementor-element-8dcbd1e elementor-widget elementor-widget-image\" data-id=\"8dcbd1e\" data-element_type=\"widget\" data-widget_type=\"image.default\">\n\t\t\t\t<div class=\"elementor-widget-container\">\n\t\t\t\t\t\t\t\t\t\t\t\t\t\t\t\t<a href=\"https:\/\/wa.me\/5551995560599\" target=\"_blank\">\n\t\t\t\t\t\t\t<img decoding=\"async\" src=\"https:\/\/sebras.com.br\/site\/wp-content\/plugins\/elementor\/assets\/images\/placeholder.png\" title=\"\" alt=\"\" loading=\"lazy\" \/>\t\t\t\t\t\t\t\t<\/a>\n\t\t\t\t\t\t\t\t\t\t\t\t\t\t\t<\/div>\n\t\t\t\t<\/div>\n\t\t\t\t<div class=\"elementor-element elementor-element-253d814 elementor-align-center elementor-widget elementor-widget-button\" data-id=\"253d814\" data-element_type=\"widget\" data-widget_type=\"button.default\">\n\t\t\t\t<div class=\"elementor-widget-container\">\n\t\t\t\t\t\t\t\t\t<div class=\"elementor-button-wrapper\">\n\t\t\t\t\t<a class=\"elementor-button elementor-button-link elementor-size-sm\" href=\"https:\/\/wa.me\/5551995560599\" target=\"_blank\">\n\t\t\t\t\t\t<span class=\"elementor-button-content-wrapper\">\n\t\t\t\t\t\t\t\t\t<span class=\"elementor-button-text\">(51) 995 560 599<\/span>\n\t\t\t\t\t<\/span>\n\t\t\t\t\t<\/a>\n\t\t\t\t<\/div>\n\t\t\t\t\t\t\t\t<\/div>\n\t\t\t\t<\/div>\n\t\t\t\t<div class=\"elementor-element elementor-element-1e3bbb6 elementor-widget-divider--view-line elementor-widget elementor-widget-divider\" data-id=\"1e3bbb6\" data-element_type=\"widget\" data-widget_type=\"divider.default\">\n\t\t\t\t<div class=\"elementor-widget-container\">\n\t\t\t\t\t\t\t<div class=\"elementor-divider\">\n\t\t\t<span class=\"elementor-divider-separator\">\n\t\t\t\t\t\t<\/span>\n\t\t<\/div>\n\t\t\t\t\t\t<\/div>\n\t\t\t\t<\/div>\n\t\t\t\t\t<\/div>\n\t\t<\/div>\n\t\t\t\t<div class=\"elementor-column elementor-col-33 elementor-top-column elementor-element elementor-element-b978e10\" data-id=\"b978e10\" data-element_type=\"column\">\n\t\t\t<div class=\"elementor-widget-wrap elementor-element-populated\">\n\t\t\t\t\t\t<div class=\"elementor-element elementor-element-1b3a957 elementor-widget elementor-widget-image\" data-id=\"1b3a957\" data-element_type=\"widget\" data-widget_type=\"image.default\">\n\t\t\t\t<div class=\"elementor-widget-container\">\n\t\t\t\t\t\t\t\t\t\t\t\t\t\t\t\t<a href=\"http:\/\/sebrasnovo.sebras.com.br\/orcamento\/\" target=\"_blank\">\n\t\t\t\t\t\t\t<img decoding=\"async\" src=\"https:\/\/sebras.com.br\/site\/wp-content\/plugins\/elementor\/assets\/images\/placeholder.png\" title=\"\" alt=\"\" loading=\"lazy\" \/>\t\t\t\t\t\t\t\t<\/a>\n\t\t\t\t\t\t\t\t\t\t\t\t\t\t\t<\/div>\n\t\t\t\t<\/div>\n\t\t\t\t<div class=\"elementor-element elementor-element-39f2fb3 elementor-align-center elementor-widget elementor-widget-button\" data-id=\"39f2fb3\" data-element_type=\"widget\" data-widget_type=\"button.default\">\n\t\t\t\t<div class=\"elementor-widget-container\">\n\t\t\t\t\t\t\t\t\t<div class=\"elementor-button-wrapper\">\n\t\t\t\t\t<a class=\"elementor-button elementor-button-link elementor-size-sm\" href=\"http:\/\/sebrasnovo.sebras.com.br\/orcamento\/\" target=\"_blank\">\n\t\t\t\t\t\t<span class=\"elementor-button-content-wrapper\">\n\t\t\t\t\t\t\t\t\t<span class=\"elementor-button-text\">SOLICITE OR\u00c7AMENTO<\/span>\n\t\t\t\t\t<\/span>\n\t\t\t\t\t<\/a>\n\t\t\t\t<\/div>\n\t\t\t\t\t\t\t\t<\/div>\n\t\t\t\t<\/div>\n\t\t\t\t<div class=\"elementor-element elementor-element-c01dabc elementor-widget-divider--view-line elementor-widget elementor-widget-divider\" data-id=\"c01dabc\" data-element_type=\"widget\" data-widget_type=\"divider.default\">\n\t\t\t\t<div class=\"elementor-widget-container\">\n\t\t\t\t\t\t\t<div class=\"elementor-divider\">\n\t\t\t<span class=\"elementor-divider-separator\">\n\t\t\t\t\t\t<\/span>\n\t\t<\/div>\n\t\t\t\t\t\t<\/div>\n\t\t\t\t<\/div>\n\t\t\t\t\t<\/div>\n\t\t<\/div>\n\t\t\t\t<div class=\"elementor-column elementor-col-33 elementor-top-column elementor-element elementor-element-b2101e9\" data-id=\"b2101e9\" data-element_type=\"column\">\n\t\t\t<div class=\"elementor-widget-wrap elementor-element-populated\">\n\t\t\t\t\t\t<div class=\"elementor-element elementor-element-84e8f7e elementor-widget elementor-widget-image\" data-id=\"84e8f7e\" data-element_type=\"widget\" data-widget_type=\"image.default\">\n\t\t\t\t<div class=\"elementor-widget-container\">\n\t\t\t\t\t\t\t\t\t\t\t\t\t\t\t<img decoding=\"async\" src=\"https:\/\/sebras.com.br\/site\/wp-content\/plugins\/elementor\/assets\/images\/placeholder.png\" title=\"\" alt=\"\" loading=\"lazy\" \/>\t\t\t\t\t\t\t\t\t\t\t\t\t\t\t<\/div>\n\t\t\t\t<\/div>\n\t\t\t\t<div class=\"elementor-element elementor-element-2ed42c3 elementor-align-center elementor-widget elementor-widget-button\" data-id=\"2ed42c3\" data-element_type=\"widget\" data-widget_type=\"button.default\">\n\t\t\t\t<div class=\"elementor-widget-container\">\n\t\t\t\t\t\t\t\t\t<div class=\"elementor-button-wrapper\">\n\t\t\t\t\t<a class=\"elementor-button elementor-size-sm\" role=\"button\">\n\t\t\t\t\t\t<span class=\"elementor-button-content-wrapper\">\n\t\t\t\t\t\t\t\t\t<span class=\"elementor-button-text\">(51) 3081 - 0554<\/span>\n\t\t\t\t\t<\/span>\n\t\t\t\t\t<\/a>\n\t\t\t\t<\/div>\n\t\t\t\t\t\t\t\t<\/div>\n\t\t\t\t<\/div>\n\t\t\t\t<div class=\"elementor-element elementor-element-c0549cd elementor-widget-divider--view-line elementor-widget elementor-widget-divider\" data-id=\"c0549cd\" data-element_type=\"widget\" data-widget_type=\"divider.default\">\n\t\t\t\t<div class=\"elementor-widget-container\">\n\t\t\t\t\t\t\t<div class=\"elementor-divider\">\n\t\t\t<span class=\"elementor-divider-separator\">\n\t\t\t\t\t\t<\/span>\n\t\t<\/div>\n\t\t\t\t\t\t<\/div>\n\t\t\t\t<\/div>\n\t\t\t\t\t<\/div>\n\t\t<\/div>\n\t\t\t\t\t<\/div>\n\t\t<\/section>\n\t\t\t\t<\/div>","protected":false},"excerpt":{"rendered":"<p>Feira Mercopar 2016 ser\u00e1 de 4 a 7 de outubro no Centro de Feiras e Eventos Festa da Uva. Realizada pelo Servi\u00e7o de Apoio \u00e0s Micro e Pequenas Empresas do Rio Grande do Sul (SEBRAE\/RS) e pela Hannover Fairs Sulamerica, Empresa do Grupo Deutsche Messe AG. A SEBRAS se especializou nos \u00faltimos anos a fornecer [&hellip;]<\/p>\n","protected":false},"featured_media":0,"parent":0,"template":"","meta":{"_acf_changed":false},"categoria-do-blog":[27],"class_list":["post-4067","blog","type-blog","status-publish","hentry","categoria-do-blog-noticia"],"acf":[],"_links":{"self":[{"href":"https:\/\/sebras.com.br\/es\/wp-json\/wp\/v2\/blog\/4067","targetHints":{"allow":["GET"]}}],"collection":[{"href":"https:\/\/sebras.com.br\/es\/wp-json\/wp\/v2\/blog"}],"about":[{"href":"https:\/\/sebras.com.br\/es\/wp-json\/wp\/v2\/types\/blog"}],"version-history":[{"count":4,"href":"https:\/\/sebras.com.br\/es\/wp-json\/wp\/v2\/blog\/4067\/revisions"}],"predecessor-version":[{"id":4071,"href":"https:\/\/sebras.com.br\/es\/wp-json\/wp\/v2\/blog\/4067\/revisions\/4071"}],"wp:attachment":[{"href":"https:\/\/sebras.com.br\/es\/wp-json\/wp\/v2\/media?parent=4067"}],"wp:term":[{"taxonomy":"categoria-do-blog","embeddable":true,"href":"https:\/\/sebras.com.br\/es\/wp-json\/wp\/v2\/categoria-do-blog?post=4067"}],"curies":[{"name":"wp","href":"https:\/\/api.w.org\/{rel}","templated":true}]}}