{"id":3305,"date":"2016-08-22T11:26:39","date_gmt":"2016-08-22T14:26:39","guid":{"rendered":"https:\/\/sebras.com.br\/site\/?post_type=blog&#038;p=3305"},"modified":"2025-06-18T11:46:36","modified_gmt":"2025-06-18T14:46:36","slug":"cobertura-para-carro-os-perigos-do-sol-em-seu-veiculo","status":"publish","type":"blog","link":"https:\/\/sebras.com.br\/es\/blog\/cobertura-para-carro-os-perigos-do-sol-em-seu-veiculo\/","title":{"rendered":"Cobertura para carro: os perigos do sol em seu ve\u00edculo"},"content":{"rendered":"<div data-elementor-type=\"wp-post\" data-elementor-id=\"3305\" class=\"elementor elementor-3305\" data-elementor-post-type=\"blog\">\n\t\t\t\t\t\t<section class=\"elementor-section elementor-top-section elementor-element elementor-element-e15d5cf elementor-section-boxed elementor-section-height-default elementor-section-height-default\" data-id=\"e15d5cf\" data-element_type=\"section\">\n\t\t\t\t\t\t<div class=\"elementor-container elementor-column-gap-default\">\n\t\t\t\t\t<div class=\"elementor-column elementor-col-100 elementor-top-column elementor-element elementor-element-39039ac\" data-id=\"39039ac\" data-element_type=\"column\">\n\t\t\t<div class=\"elementor-widget-wrap elementor-element-populated\">\n\t\t\t\t\t\t<div class=\"elementor-element elementor-element-520cbb1 elementor-widget elementor-widget-heading\" data-id=\"520cbb1\" data-element_type=\"widget\" data-widget_type=\"heading.default\">\n\t\t\t\t<div class=\"elementor-widget-container\">\n\t\t\t\t\t<h2 class=\"elementor-heading-title elementor-size-medium\">Veja\u00a0os principais danos do sol ao seu ve\u00edculo e como a cobertura para carro pode proteg\u00ea-lo.<\/h2>\t\t\t\t<\/div>\n\t\t\t\t<\/div>\n\t\t\t\t\t<\/div>\n\t\t<\/div>\n\t\t\t\t\t<\/div>\n\t\t<\/section>\n\t\t\t\t<section class=\"elementor-section elementor-top-section elementor-element elementor-element-e11c824 elementor-section-boxed elementor-section-height-default elementor-section-height-default\" data-id=\"e11c824\" data-element_type=\"section\">\n\t\t\t\t\t\t<div class=\"elementor-container elementor-column-gap-default\">\n\t\t\t\t\t<div class=\"elementor-column elementor-col-100 elementor-top-column elementor-element elementor-element-735dbf8\" data-id=\"735dbf8\" data-element_type=\"column\">\n\t\t\t<div class=\"elementor-widget-wrap elementor-element-populated\">\n\t\t\t\t\t\t<div class=\"elementor-element elementor-element-82f2682 elementor-widget elementor-widget-text-editor\" data-id=\"82f2682\" data-element_type=\"widget\" data-widget_type=\"text-editor.default\">\n\t\t\t\t<div class=\"elementor-widget-container\">\n\t\t\t\t\t\t\t\t\t<p>Cobertura para carro pode evitar s\u00e9rios danos\u00a0ao seu autom\u00f3vel. O clima quente, al\u00e9m de aumentar a temperatura interna do ve\u00edculo, estraga a pintura, bancos e as partes pl\u00e1sticas. Principalmente se o autom\u00f3vel for submetido a super exposi\u00e7\u00e3o solar. A incid\u00eancia dos raios ultravioleta sobre a lataria provoca mancha esbranqui\u00e7ada e queimaduras na pintura. Quem mais sofre com os efeitos solares s\u00e3o os carros de cores escuras. Os ve\u00edculos de cor preta, vermelha, azul e o verde, por reterem mais calor, absorvem mais os raios solares. Por esse motivo, eles queimam mais facilmente do que os de cores mais claras. &#8220;Em carros brancos a tend\u00eancia \u00e9 a pintura amarelar&#8221;. &#8220;A camada de verniz aplicada sobre a pintura n\u00e3o \u00e9 suficiente para proteger os autom\u00f3veis dos efeitos do sol. Por isso, a pintura tende a descolorir&#8221;.<\/p>\t\t\t\t\t\t\t\t<\/div>\n\t\t\t\t<\/div>\n\t\t\t\t\t<\/div>\n\t\t<\/div>\n\t\t\t\t\t<\/div>\n\t\t<\/section>\n\t\t\t\t<section class=\"elementor-section elementor-top-section elementor-element elementor-element-dd69e9c elementor-section-boxed elementor-section-height-default elementor-section-height-default\" data-id=\"dd69e9c\" data-element_type=\"section\">\n\t\t\t\t\t\t<div class=\"elementor-container elementor-column-gap-default\">\n\t\t\t\t\t<div class=\"elementor-column elementor-col-100 elementor-top-column elementor-element elementor-element-b26494f\" data-id=\"b26494f\" data-element_type=\"column\">\n\t\t\t<div class=\"elementor-widget-wrap elementor-element-populated\">\n\t\t\t\t\t\t<div class=\"elementor-element elementor-element-2150c89 elementor-widget elementor-widget-text-editor\" data-id=\"2150c89\" data-element_type=\"widget\" data-widget_type=\"text-editor.default\">\n\t\t\t\t<div class=\"elementor-widget-container\">\n\t\t\t\t\t\t\t\t\t<p>O sol tamb\u00e9m representa um perigo para as partes pl\u00e1sticas do carro. Para se ter uma ideia, o painel de um carro que fica exposto a uma temperatura de 35 graus cent\u00edgrados chega a atingir 65 graus. Se o autom\u00f3vel for de cor preta, o calor que incide sobre a pe\u00e7a pode chegar a 68 graus. &#8220;O painel, p\u00e1ra-choques, puxadores e outras partes expostas aos raios solares tendem a ressecar e ficar opacas. Em alguns casos pode trincar&#8221;.<\/p>\t\t\t\t\t\t\t\t<\/div>\n\t\t\t\t<\/div>\n\t\t\t\t\t<\/div>\n\t\t<\/div>\n\t\t\t\t\t<\/div>\n\t\t<\/section>\n\t\t\t\t<section class=\"elementor-section elementor-top-section elementor-element elementor-element-01fc35d elementor-section-boxed elementor-section-height-default elementor-section-height-default\" data-id=\"01fc35d\" data-element_type=\"section\">\n\t\t\t\t\t\t<div class=\"elementor-container elementor-column-gap-default\">\n\t\t\t\t\t<div class=\"elementor-column elementor-col-100 elementor-top-column elementor-element elementor-element-3272d70\" data-id=\"3272d70\" data-element_type=\"column\">\n\t\t\t<div class=\"elementor-widget-wrap elementor-element-populated\">\n\t\t\t\t\t\t<div class=\"elementor-element elementor-element-c361c1e elementor-widget elementor-widget-heading\" data-id=\"c361c1e\" data-element_type=\"widget\" data-widget_type=\"heading.default\">\n\t\t\t\t<div class=\"elementor-widget-container\">\n\t\t\t\t\t<h2 class=\"elementor-heading-title elementor-size-default\">Quais os cuidados com seu ve\u00edculo<\/h2>\t\t\t\t<\/div>\n\t\t\t\t<\/div>\n\t\t\t\t\t<\/div>\n\t\t<\/div>\n\t\t\t\t\t<\/div>\n\t\t<\/section>\n\t\t\t\t<section class=\"elementor-section elementor-top-section elementor-element elementor-element-2beaf63 elementor-section-boxed elementor-section-height-default elementor-section-height-default\" data-id=\"2beaf63\" data-element_type=\"section\">\n\t\t\t\t\t\t<div class=\"elementor-container elementor-column-gap-default\">\n\t\t\t\t\t<div class=\"elementor-column elementor-col-100 elementor-top-column elementor-element elementor-element-dbed2bf\" data-id=\"dbed2bf\" data-element_type=\"column\">\n\t\t\t<div class=\"elementor-widget-wrap elementor-element-populated\">\n\t\t\t\t\t\t<div class=\"elementor-element elementor-element-b231728 elementor-widget elementor-widget-text-editor\" data-id=\"b231728\" data-element_type=\"widget\" data-widget_type=\"text-editor.default\">\n\t\t\t\t<div class=\"elementor-widget-container\">\n\t\t\t\t\t\t\t\t\t<p style=\"text-align: justify;\">Existem alguns cuidados que impedem que os efeitos prejudicial dos raios ultravioleta danifiquem o carro: Realizar o polimento da pintura ap\u00f3s a lavagem. Uma forma mais eficiente e duradoura \u00e9 a revitaliza\u00e7\u00e3o. &#8220;Ela \u00e9 indicada para os carros que apresentam perda da cor&#8221;. No processo de revitaliza\u00e7\u00e3o da pintura s\u00e3o usados produtos mais abrasivos, que removem a oxida\u00e7\u00e3o, pequenos riscos, imperfei\u00e7\u00f5es e manchas provocadas pela exposi\u00e7\u00e3o excessiva ao sol. O pol\u00edmero acr\u00edlico, que comp\u00f5e a cera revitalizadora, proporciona um brilho intenso e a prote\u00e7\u00e3o necess\u00e1ria para a pintura do carro.<\/p><p style=\"text-align: justify;\">Os\u00a0<a href=\"http:\/\/sebrasnovo.sebras.com.br\/previa\/cobertura-para-carros\/\"><strong><span style=\"color: #a80000;\">Sombreadores ALASOMBRA<\/span><\/strong><\/a>\u00a0s\u00e3o coberturas que proporcionam conforto t\u00e9rmico, pois reduzem a temperatura interna do ve\u00edculo e tamb\u00e9m protegem contra a radia\u00e7\u00e3o solar Ultra Violeta (U.V.). A tela (polietileno de alta densidade) utilizada na cobertura permite a circula\u00e7\u00e3o do ar assegurando uma sensa\u00e7\u00e3o de frescor.<\/p><p style=\"text-align: justify;\">Os Sombreadores s\u00e3o fabricados em diversas cores e tamanhos para melhor adequa\u00e7\u00e3o e aproveitamento de espa\u00e7o. Atendendo normas de seguran\u00e7a, a tela tem certifica\u00e7\u00e3o de Anti-propaga\u00e7\u00e3o de chamas e o Sombreador tem capacidade de suportar ventos de at\u00e9 100 km \/ h.<\/p><p style=\"text-align: justify;\">A cobertura para carro SEBRAS, mais conhecida como\u00a0Sombreadores. Foram desenvolvidos com um design moderno, resultando em um padr\u00e3o est\u00e9tico, incorporando leveza, harmonia e cor aos locais onde s\u00e3o instalados.<\/p>\t\t\t\t\t\t\t\t<\/div>\n\t\t\t\t<\/div>\n\t\t\t\t\t<\/div>\n\t\t<\/div>\n\t\t\t\t\t<\/div>\n\t\t<\/section>\n\t\t\t\t<section class=\"elementor-section elementor-top-section elementor-element elementor-element-48197c9 elementor-section-boxed elementor-section-height-default elementor-section-height-default\" data-id=\"48197c9\" data-element_type=\"section\">\n\t\t\t\t\t\t<div class=\"elementor-container elementor-column-gap-default\">\n\t\t\t\t\t<div class=\"elementor-column elementor-col-100 elementor-top-column elementor-element elementor-element-ee00fea\" data-id=\"ee00fea\" data-element_type=\"column\">\n\t\t\t<div class=\"elementor-widget-wrap elementor-element-populated\">\n\t\t\t\t\t\t<div class=\"elementor-element elementor-element-c1bea6c elementor-widget elementor-widget-heading\" data-id=\"c1bea6c\" data-element_type=\"widget\" data-widget_type=\"heading.default\">\n\t\t\t\t<div class=\"elementor-widget-container\">\n\t\t\t\t\t<h2 class=\"elementor-heading-title elementor-size-default\">Saiba mais sobre a cobertura para carro Alasombra<\/h2>\t\t\t\t<\/div>\n\t\t\t\t<\/div>\n\t\t\t\t\t<\/div>\n\t\t<\/div>\n\t\t\t\t\t<\/div>\n\t\t<\/section>\n\t\t\t\t<section class=\"elementor-section elementor-top-section elementor-element elementor-element-8e03f8f elementor-section-boxed elementor-section-height-default elementor-section-height-default\" data-id=\"8e03f8f\" data-element_type=\"section\">\n\t\t\t\t\t\t<div class=\"elementor-container elementor-column-gap-default\">\n\t\t\t\t\t<div class=\"elementor-column elementor-col-100 elementor-top-column elementor-element elementor-element-a6c29aa\" data-id=\"a6c29aa\" data-element_type=\"column\">\n\t\t\t<div class=\"elementor-widget-wrap elementor-element-populated\">\n\t\t\t\t\t\t<div class=\"elementor-element elementor-element-46781ed elementor-align-center elementor-widget elementor-widget-button\" data-id=\"46781ed\" data-element_type=\"widget\" data-widget_type=\"button.default\">\n\t\t\t\t<div class=\"elementor-widget-container\">\n\t\t\t\t\t\t\t\t\t<div class=\"elementor-button-wrapper\">\n\t\t\t\t\t<a class=\"elementor-button elementor-button-link elementor-size-sm\" href=\"http:\/\/sebrasnovo.sebras.com.br\/cortina-de-pvc\/\">\n\t\t\t\t\t\t<span class=\"elementor-button-content-wrapper\">\n\t\t\t\t\t\t\t\t\t<span class=\"elementor-button-text\">Clique aqui<\/span>\n\t\t\t\t\t<\/span>\n\t\t\t\t\t<\/a>\n\t\t\t\t<\/div>\n\t\t\t\t\t\t\t\t<\/div>\n\t\t\t\t<\/div>\n\t\t\t\t\t<\/div>\n\t\t<\/div>\n\t\t\t\t\t<\/div>\n\t\t<\/section>\n\t\t\t\t<section class=\"elementor-section elementor-top-section elementor-element elementor-element-e0ac481 elementor-section-boxed elementor-section-height-default elementor-section-height-default\" data-id=\"e0ac481\" data-element_type=\"section\">\n\t\t\t\t\t\t<div class=\"elementor-container elementor-column-gap-default\">\n\t\t\t\t\t<div class=\"elementor-column elementor-col-100 elementor-top-column elementor-element elementor-element-73bd158\" data-id=\"73bd158\" data-element_type=\"column\">\n\t\t\t<div class=\"elementor-widget-wrap elementor-element-populated\">\n\t\t\t\t\t\t<div class=\"elementor-element elementor-element-30c2a54 elementor-widget elementor-widget-heading\" data-id=\"30c2a54\" data-element_type=\"widget\" data-widget_type=\"heading.default\">\n\t\t\t\t<div class=\"elementor-widget-container\">\n\t\t\t\t\t<h6 class=\"elementor-heading-title elementor-size-default\">Para mais informa\u00e7\u00f5es ou caso esteja precisando de um or\u00e7amento, basta entrar em contato conosco atrav\u00e9s dos canais de atendimento abaixo.\n<\/h6>\t\t\t\t<\/div>\n\t\t\t\t<\/div>\n\t\t\t\t\t<\/div>\n\t\t<\/div>\n\t\t\t\t\t<\/div>\n\t\t<\/section>\n\t\t\t\t<section class=\"elementor-section elementor-top-section elementor-element elementor-element-b3fc6a7 elementor-section-boxed elementor-section-height-default elementor-section-height-default\" data-id=\"b3fc6a7\" data-element_type=\"section\">\n\t\t\t\t\t\t<div class=\"elementor-container elementor-column-gap-default\">\n\t\t\t\t\t<div class=\"elementor-column elementor-col-33 elementor-top-column elementor-element elementor-element-f629e8d\" data-id=\"f629e8d\" data-element_type=\"column\">\n\t\t\t<div class=\"elementor-widget-wrap elementor-element-populated\">\n\t\t\t\t\t\t<div class=\"elementor-element elementor-element-9e0ff5b elementor-widget elementor-widget-image\" data-id=\"9e0ff5b\" data-element_type=\"widget\" data-widget_type=\"image.default\">\n\t\t\t\t<div class=\"elementor-widget-container\">\n\t\t\t\t\t\t\t\t\t\t\t\t\t\t\t\t<a href=\"https:\/\/wa.me\/5551995560599\" target=\"_blank\">\n\t\t\t\t\t\t\t<img decoding=\"async\" src=\"https:\/\/sebras.com.br\/site\/wp-content\/plugins\/elementor\/assets\/images\/placeholder.png\" title=\"\" alt=\"\" loading=\"lazy\" \/>\t\t\t\t\t\t\t\t<\/a>\n\t\t\t\t\t\t\t\t\t\t\t\t\t\t\t<\/div>\n\t\t\t\t<\/div>\n\t\t\t\t<div class=\"elementor-element elementor-element-3b24a4a elementor-align-center elementor-widget elementor-widget-button\" data-id=\"3b24a4a\" data-element_type=\"widget\" data-widget_type=\"button.default\">\n\t\t\t\t<div class=\"elementor-widget-container\">\n\t\t\t\t\t\t\t\t\t<div class=\"elementor-button-wrapper\">\n\t\t\t\t\t<a class=\"elementor-button elementor-button-link elementor-size-sm\" href=\"https:\/\/wa.me\/5551995560599\" target=\"_blank\">\n\t\t\t\t\t\t<span class=\"elementor-button-content-wrapper\">\n\t\t\t\t\t\t\t\t\t<span class=\"elementor-button-text\">(51) 995 560 599<\/span>\n\t\t\t\t\t<\/span>\n\t\t\t\t\t<\/a>\n\t\t\t\t<\/div>\n\t\t\t\t\t\t\t\t<\/div>\n\t\t\t\t<\/div>\n\t\t\t\t<div class=\"elementor-element elementor-element-6cfeed9 elementor-widget-divider--view-line elementor-widget elementor-widget-divider\" data-id=\"6cfeed9\" data-element_type=\"widget\" data-widget_type=\"divider.default\">\n\t\t\t\t<div class=\"elementor-widget-container\">\n\t\t\t\t\t\t\t<div class=\"elementor-divider\">\n\t\t\t<span class=\"elementor-divider-separator\">\n\t\t\t\t\t\t<\/span>\n\t\t<\/div>\n\t\t\t\t\t\t<\/div>\n\t\t\t\t<\/div>\n\t\t\t\t\t<\/div>\n\t\t<\/div>\n\t\t\t\t<div class=\"elementor-column elementor-col-33 elementor-top-column elementor-element elementor-element-6bed6c7\" data-id=\"6bed6c7\" data-element_type=\"column\">\n\t\t\t<div class=\"elementor-widget-wrap elementor-element-populated\">\n\t\t\t\t\t\t<div class=\"elementor-element elementor-element-b250116 elementor-widget elementor-widget-image\" data-id=\"b250116\" data-element_type=\"widget\" data-widget_type=\"image.default\">\n\t\t\t\t<div class=\"elementor-widget-container\">\n\t\t\t\t\t\t\t\t\t\t\t\t\t\t\t\t<a href=\"http:\/\/sebrasnovo.sebras.com.br\/orcamento\/\" target=\"_blank\">\n\t\t\t\t\t\t\t<img decoding=\"async\" src=\"https:\/\/sebras.com.br\/site\/wp-content\/plugins\/elementor\/assets\/images\/placeholder.png\" title=\"\" alt=\"\" loading=\"lazy\" \/>\t\t\t\t\t\t\t\t<\/a>\n\t\t\t\t\t\t\t\t\t\t\t\t\t\t\t<\/div>\n\t\t\t\t<\/div>\n\t\t\t\t<div class=\"elementor-element elementor-element-f50d365 elementor-align-center elementor-widget elementor-widget-button\" data-id=\"f50d365\" data-element_type=\"widget\" data-widget_type=\"button.default\">\n\t\t\t\t<div class=\"elementor-widget-container\">\n\t\t\t\t\t\t\t\t\t<div class=\"elementor-button-wrapper\">\n\t\t\t\t\t<a class=\"elementor-button elementor-button-link elementor-size-sm\" href=\"http:\/\/sebrasnovo.sebras.com.br\/orcamento\/\" target=\"_blank\">\n\t\t\t\t\t\t<span class=\"elementor-button-content-wrapper\">\n\t\t\t\t\t\t\t\t\t<span class=\"elementor-button-text\">SOLICITE OR\u00c7AMENTO<\/span>\n\t\t\t\t\t<\/span>\n\t\t\t\t\t<\/a>\n\t\t\t\t<\/div>\n\t\t\t\t\t\t\t\t<\/div>\n\t\t\t\t<\/div>\n\t\t\t\t<div class=\"elementor-element elementor-element-23e03ec elementor-widget-divider--view-line elementor-widget elementor-widget-divider\" data-id=\"23e03ec\" data-element_type=\"widget\" data-widget_type=\"divider.default\">\n\t\t\t\t<div class=\"elementor-widget-container\">\n\t\t\t\t\t\t\t<div class=\"elementor-divider\">\n\t\t\t<span class=\"elementor-divider-separator\">\n\t\t\t\t\t\t<\/span>\n\t\t<\/div>\n\t\t\t\t\t\t<\/div>\n\t\t\t\t<\/div>\n\t\t\t\t\t<\/div>\n\t\t<\/div>\n\t\t\t\t<div class=\"elementor-column elementor-col-33 elementor-top-column elementor-element elementor-element-ef4f827\" data-id=\"ef4f827\" data-element_type=\"column\">\n\t\t\t<div class=\"elementor-widget-wrap elementor-element-populated\">\n\t\t\t\t\t\t<div class=\"elementor-element elementor-element-ba9984e elementor-widget elementor-widget-image\" data-id=\"ba9984e\" data-element_type=\"widget\" data-widget_type=\"image.default\">\n\t\t\t\t<div class=\"elementor-widget-container\">\n\t\t\t\t\t\t\t\t\t\t\t\t\t\t\t<img decoding=\"async\" src=\"https:\/\/sebras.com.br\/site\/wp-content\/plugins\/elementor\/assets\/images\/placeholder.png\" title=\"\" alt=\"\" loading=\"lazy\" \/>\t\t\t\t\t\t\t\t\t\t\t\t\t\t\t<\/div>\n\t\t\t\t<\/div>\n\t\t\t\t<div class=\"elementor-element elementor-element-b6c7f5c elementor-align-center elementor-widget elementor-widget-button\" data-id=\"b6c7f5c\" data-element_type=\"widget\" data-widget_type=\"button.default\">\n\t\t\t\t<div class=\"elementor-widget-container\">\n\t\t\t\t\t\t\t\t\t<div class=\"elementor-button-wrapper\">\n\t\t\t\t\t<a class=\"elementor-button elementor-size-sm\" role=\"button\">\n\t\t\t\t\t\t<span class=\"elementor-button-content-wrapper\">\n\t\t\t\t\t\t\t\t\t<span class=\"elementor-button-text\">(51) 3081 - 0554<\/span>\n\t\t\t\t\t<\/span>\n\t\t\t\t\t<\/a>\n\t\t\t\t<\/div>\n\t\t\t\t\t\t\t\t<\/div>\n\t\t\t\t<\/div>\n\t\t\t\t<div class=\"elementor-element elementor-element-0f99840 elementor-widget-divider--view-line elementor-widget elementor-widget-divider\" data-id=\"0f99840\" data-element_type=\"widget\" data-widget_type=\"divider.default\">\n\t\t\t\t<div class=\"elementor-widget-container\">\n\t\t\t\t\t\t\t<div class=\"elementor-divider\">\n\t\t\t<span class=\"elementor-divider-separator\">\n\t\t\t\t\t\t<\/span>\n\t\t<\/div>\n\t\t\t\t\t\t<\/div>\n\t\t\t\t<\/div>\n\t\t\t\t\t<\/div>\n\t\t<\/div>\n\t\t\t\t\t<\/div>\n\t\t<\/section>\n\t\t\t\t<\/div>","protected":false},"excerpt":{"rendered":"<p>Veja\u00a0os principais danos do sol ao seu ve\u00edculo e como a cobertura para carro pode proteg\u00ea-lo. Cobertura para carro pode evitar s\u00e9rios danos\u00a0ao seu autom\u00f3vel. O clima quente, al\u00e9m de aumentar a temperatura interna do ve\u00edculo, estraga a pintura, bancos e as partes pl\u00e1sticas. Principalmente se o autom\u00f3vel for submetido a super exposi\u00e7\u00e3o solar. A [&hellip;]<\/p>\n","protected":false},"featured_media":0,"parent":0,"template":"","meta":{"_acf_changed":false},"categoria-do-blog":[27],"class_list":["post-3305","blog","type-blog","status-publish","hentry","categoria-do-blog-noticia"],"acf":[],"_links":{"self":[{"href":"https:\/\/sebras.com.br\/es\/wp-json\/wp\/v2\/blog\/3305","targetHints":{"allow":["GET"]}}],"collection":[{"href":"https:\/\/sebras.com.br\/es\/wp-json\/wp\/v2\/blog"}],"about":[{"href":"https:\/\/sebras.com.br\/es\/wp-json\/wp\/v2\/types\/blog"}],"version-history":[{"count":4,"href":"https:\/\/sebras.com.br\/es\/wp-json\/wp\/v2\/blog\/3305\/revisions"}],"predecessor-version":[{"id":3318,"href":"https:\/\/sebras.com.br\/es\/wp-json\/wp\/v2\/blog\/3305\/revisions\/3318"}],"wp:attachment":[{"href":"https:\/\/sebras.com.br\/es\/wp-json\/wp\/v2\/media?parent=3305"}],"wp:term":[{"taxonomy":"categoria-do-blog","embeddable":true,"href":"https:\/\/sebras.com.br\/es\/wp-json\/wp\/v2\/categoria-do-blog?post=3305"}],"curies":[{"name":"wp","href":"https:\/\/api.w.org\/{rel}","templated":true}]}}