{"id":3274,"date":"2016-08-01T11:14:58","date_gmt":"2016-08-01T14:14:58","guid":{"rendered":"https:\/\/sebras.com.br\/site\/?post_type=blog&#038;p=3274"},"modified":"2025-06-18T10:16:08","modified_gmt":"2025-06-18T13:16:08","slug":"abrigo-de-docas-ideal-para-docas-de-carga-e-descarga-de-produtos","status":"publish","type":"blog","link":"https:\/\/sebras.com.br\/es\/blog\/abrigo-de-docas-ideal-para-docas-de-carga-e-descarga-de-produtos\/","title":{"rendered":"Abrigo de Docas &#8211; Ideal para docas de carga e descarga de produtos"},"content":{"rendered":"<div data-elementor-type=\"wp-post\" data-elementor-id=\"3274\" class=\"elementor elementor-3274\" data-elementor-post-type=\"blog\">\n\t\t\t\t\t\t<section class=\"elementor-section elementor-top-section elementor-element elementor-element-6fd9be7 elementor-section-boxed elementor-section-height-default elementor-section-height-default\" data-id=\"6fd9be7\" data-element_type=\"section\">\n\t\t\t\t\t\t<div class=\"elementor-container elementor-column-gap-default\">\n\t\t\t\t\t<div class=\"elementor-column elementor-col-100 elementor-top-column elementor-element elementor-element-0a99b0d\" data-id=\"0a99b0d\" data-element_type=\"column\">\n\t\t\t<div class=\"elementor-widget-wrap elementor-element-populated\">\n\t\t\t\t\t\t<div class=\"elementor-element elementor-element-da2a4f7 elementor-widget elementor-widget-text-editor\" data-id=\"da2a4f7\" data-element_type=\"widget\" data-widget_type=\"text-editor.default\">\n\t\t\t\t<div class=\"elementor-widget-container\">\n\t\t\t\t\t\t\t\t\t<p style=\"text-align: justify;\">Os <strong><a href=\"http:\/\/sebrasnovo.sebras.com.br\/abrigo-de-doca\/\" target=\"_blank\" rel=\"noopener\">Abrigo de Docas<\/a> SEBRAS<\/strong> s\u00e3o ideais para proteger o produto contra chuva, vento e poeira, durante o processo de carregamento e descarregamento dos caminh\u00f5es. Al\u00e9m disso, por fazerem a fun\u00e7\u00e3o de veda\u00e7\u00e3o entre a doca e o ba\u00fa do caminh\u00e3o, tamb\u00e9m auxiliam na manuten\u00e7\u00e3o da temperatura do ambiente interno no momento em que a porta estiver aberta.<\/p><p style=\"text-align: justify;\"><span style=\"color: #666666; font-family: 'Open Sans'; background-color: #ffffff;\">Buscando um diferencial de mercado, os\u00a0<b>Abrigo de Docas<\/b> possui capacidade de absorver impactos acidentais frontais dos caminh\u00f5es nas docas de carga. Isto \u00e9 poss\u00edvel porque a estrutura \u00e9 flex\u00edvel e retr\u00e1til. Esta flexibilidade se d\u00e1 gra\u00e7as \u00e0s r\u00f3tulas instaladas nas laterais de sua estrutura possibilitando, com isto, o deslocamento de\u00a0<\/span><strong style=\"background-color: #ffffff; color: #666666; font-family: 'Open Sans';\">30\u00ba<\/strong><span style=\"color: #666666; font-family: 'Open Sans'; background-color: #ffffff;\">. Este diferencial resulta em uma diminui\u00e7\u00e3o consider\u00e1vel na sua manuten\u00e7\u00e3o, pois elimina danos nas estruturas met\u00e1licas fixadas na parede.<\/span><\/p>\t\t\t\t\t\t\t\t<\/div>\n\t\t\t\t<\/div>\n\t\t\t\t\t<\/div>\n\t\t<\/div>\n\t\t\t\t\t<\/div>\n\t\t<\/section>\n\t\t\t\t<section class=\"elementor-section elementor-top-section elementor-element elementor-element-921970c elementor-section-boxed elementor-section-height-default elementor-section-height-default\" data-id=\"921970c\" data-element_type=\"section\">\n\t\t\t\t\t\t<div class=\"elementor-container elementor-column-gap-default\">\n\t\t\t\t\t<div class=\"elementor-column elementor-col-100 elementor-top-column elementor-element elementor-element-7fd3705\" data-id=\"7fd3705\" data-element_type=\"column\">\n\t\t\t<div class=\"elementor-widget-wrap elementor-element-populated\">\n\t\t\t\t\t\t<div class=\"elementor-element elementor-element-5b7b356 elementor-widget elementor-widget-heading\" data-id=\"5b7b356\" data-element_type=\"widget\" data-widget_type=\"heading.default\">\n\t\t\t\t<div class=\"elementor-widget-container\">\n\t\t\t\t\t<h5 class=\"elementor-heading-title elementor-size-default\">CONHE\u00c7A OS MODELOS ABAIXO DE ABRIGO DE DOCAS FABRICADO PELA SEBRAS<\/h5>\t\t\t\t<\/div>\n\t\t\t\t<\/div>\n\t\t\t\t\t<\/div>\n\t\t<\/div>\n\t\t\t\t\t<\/div>\n\t\t<\/section>\n\t\t\t\t<section class=\"elementor-section elementor-top-section elementor-element elementor-element-1681629 elementor-section-boxed elementor-section-height-default elementor-section-height-default\" data-id=\"1681629\" data-element_type=\"section\">\n\t\t\t\t\t\t<div class=\"elementor-container elementor-column-gap-default\">\n\t\t\t\t\t<div class=\"elementor-column elementor-col-33 elementor-top-column elementor-element elementor-element-e99bf2e\" data-id=\"e99bf2e\" data-element_type=\"column\">\n\t\t\t<div class=\"elementor-widget-wrap elementor-element-populated\">\n\t\t\t\t\t\t<div class=\"elementor-element elementor-element-7a64870 elementor-widget elementor-widget-heading\" data-id=\"7a64870\" data-element_type=\"widget\" data-widget_type=\"heading.default\">\n\t\t\t\t<div class=\"elementor-widget-container\">\n\t\t\t\t\t<h6 class=\"elementor-heading-title elementor-size-default\">ABRIGO ALMOFADADO<\/h6>\t\t\t\t<\/div>\n\t\t\t\t<\/div>\n\t\t\t\t<div class=\"elementor-element elementor-element-726789c elementor-widget elementor-widget-image\" data-id=\"726789c\" data-element_type=\"widget\" data-widget_type=\"image.default\">\n\t\t\t\t<div class=\"elementor-widget-container\">\n\t\t\t\t\t\t\t\t\t\t\t\t\t\t\t\t<a href=\"https:\/\/sebras.com.br\/es\/site\/wp-content\/plugins\/elementor\/assets\/images\/placeholder.png\/\" data-elementor-open-lightbox=\"yes\" data-e-action-hash=\"#elementor-action%3Aaction%3Dlightbox%26settings%3DW10%3D\">\n\t\t\t\t\t\t\t<img decoding=\"async\" src=\"https:\/\/sebras.com.br\/site\/wp-content\/plugins\/elementor\/assets\/images\/placeholder.png\" title=\"\" alt=\"\" loading=\"lazy\" \/>\t\t\t\t\t\t\t\t<\/a>\n\t\t\t\t\t\t\t\t\t\t\t\t\t\t\t<\/div>\n\t\t\t\t<\/div>\n\t\t\t\t\t<\/div>\n\t\t<\/div>\n\t\t\t\t<div class=\"elementor-column elementor-col-66 elementor-top-column elementor-element elementor-element-e2dad3d\" data-id=\"e2dad3d\" data-element_type=\"column\">\n\t\t\t<div class=\"elementor-widget-wrap elementor-element-populated\">\n\t\t\t\t\t\t<div class=\"elementor-element elementor-element-e4a838e elementor-widget elementor-widget-text-editor\" data-id=\"e4a838e\" data-element_type=\"widget\" data-widget_type=\"text-editor.default\">\n\t\t\t\t<div class=\"elementor-widget-container\">\n\t\t\t\t\t\t\t\t\t<ul><li style=\"text-align: justify;\">Os fechamentos laterais e superiores s\u00e3o confeccionados em lona vin\u00edlica, com trama de fibra de poli\u00e9ster (12&#215;12 fios\/cm\u00b2) revestida com camadas de PVC.<\/li><li style=\"text-align: justify;\">A estrutura interna \u00e9 fabricada em t\u00e1bua de cedro de 1\u201d de espessura e 300mm de largura e espuma de poliuretano com densidade D28 de 300mm x 400mm.<\/li><li style=\"text-align: justify;\">As dimens\u00f5es foram projetadas para proporcionar ao m\u00e1ximo, a veda\u00e7\u00e3o sobre as laterais e partes superiores dos caminh\u00f5es.<\/li><\/ul>\t\t\t\t\t\t\t\t<\/div>\n\t\t\t\t<\/div>\n\t\t\t\t\t<\/div>\n\t\t<\/div>\n\t\t\t\t\t<\/div>\n\t\t<\/section>\n\t\t\t\t<section class=\"elementor-section elementor-top-section elementor-element elementor-element-2ba6341 elementor-section-boxed elementor-section-height-default elementor-section-height-default\" data-id=\"2ba6341\" data-element_type=\"section\">\n\t\t\t\t\t\t<div class=\"elementor-container elementor-column-gap-default\">\n\t\t\t\t\t<div class=\"elementor-column elementor-col-66 elementor-top-column elementor-element elementor-element-e8f13f9\" data-id=\"e8f13f9\" data-element_type=\"column\">\n\t\t\t<div class=\"elementor-widget-wrap elementor-element-populated\">\n\t\t\t\t\t\t<div class=\"elementor-element elementor-element-331f15e elementor-widget elementor-widget-text-editor\" data-id=\"331f15e\" data-element_type=\"widget\" data-widget_type=\"text-editor.default\">\n\t\t\t\t<div class=\"elementor-widget-container\">\n\t\t\t\t\t\t\t\t\t<ul><li style=\"text-align: justify;\">O fechamento lateral \u00e9 confeccionado em lona vin\u00edlica, com trama de fibra de poli\u00e9ster (12&#215;12 fios\/cm\u00b2) revestida com camadas de PVC.<\/li><li style=\"text-align: justify;\">A parte frontal do Abrigo de Carga Retr\u00e1til Especial \u00e9 confeccionada em duas camadas de lona vin\u00edlica SPE 11226, formando compartimentos em que \u00e9 inserida uma camada de manta expandida de 10mm. Os frontais laterais tamb\u00e9m possuem, uma chapa de a\u00e7o-mola, para proporcionar o seu retorno ap\u00f3s a sa\u00edda do caminh\u00e3o, evitando que a lona frontal fique ondulada, apresentando aspecto indesejado.<\/li><\/ul>\t\t\t\t\t\t\t\t<\/div>\n\t\t\t\t<\/div>\n\t\t\t\t\t<\/div>\n\t\t<\/div>\n\t\t\t\t<div class=\"elementor-column elementor-col-33 elementor-top-column elementor-element elementor-element-c1dd8a3\" data-id=\"c1dd8a3\" data-element_type=\"column\">\n\t\t\t<div class=\"elementor-widget-wrap elementor-element-populated\">\n\t\t\t\t\t\t<div class=\"elementor-element elementor-element-8f94c4f elementor-widget elementor-widget-heading\" data-id=\"8f94c4f\" data-element_type=\"widget\" data-widget_type=\"heading.default\">\n\t\t\t\t<div class=\"elementor-widget-container\">\n\t\t\t\t\t<h6 class=\"elementor-heading-title elementor-size-default\">ABRIGO DE DOCA ESPECIAL<\/h6>\t\t\t\t<\/div>\n\t\t\t\t<\/div>\n\t\t\t\t<div class=\"elementor-element elementor-element-36fa2cf elementor-widget elementor-widget-image\" data-id=\"36fa2cf\" data-element_type=\"widget\" data-widget_type=\"image.default\">\n\t\t\t\t<div class=\"elementor-widget-container\">\n\t\t\t\t\t\t\t\t\t\t\t\t\t\t\t\t<a href=\"https:\/\/sebras.com.br\/es\/site\/wp-content\/plugins\/elementor\/assets\/images\/placeholder.png\/\" data-elementor-open-lightbox=\"yes\" data-e-action-hash=\"#elementor-action%3Aaction%3Dlightbox%26settings%3DW10%3D\">\n\t\t\t\t\t\t\t<img decoding=\"async\" src=\"https:\/\/sebras.com.br\/site\/wp-content\/plugins\/elementor\/assets\/images\/placeholder.png\" title=\"\" alt=\"\" loading=\"lazy\" \/>\t\t\t\t\t\t\t\t<\/a>\n\t\t\t\t\t\t\t\t\t\t\t\t\t\t\t<\/div>\n\t\t\t\t<\/div>\n\t\t\t\t\t<\/div>\n\t\t<\/div>\n\t\t\t\t\t<\/div>\n\t\t<\/section>\n\t\t\t\t<section class=\"elementor-section elementor-top-section elementor-element elementor-element-a2aa525 elementor-section-boxed elementor-section-height-default elementor-section-height-default\" data-id=\"a2aa525\" data-element_type=\"section\">\n\t\t\t\t\t\t<div class=\"elementor-container elementor-column-gap-default\">\n\t\t\t\t\t<div class=\"elementor-column elementor-col-33 elementor-top-column elementor-element elementor-element-382ca81\" data-id=\"382ca81\" data-element_type=\"column\">\n\t\t\t<div class=\"elementor-widget-wrap elementor-element-populated\">\n\t\t\t\t\t\t<div class=\"elementor-element elementor-element-7dab65c elementor-widget elementor-widget-heading\" data-id=\"7dab65c\" data-element_type=\"widget\" data-widget_type=\"heading.default\">\n\t\t\t\t<div class=\"elementor-widget-container\">\n\t\t\t\t\t<h6 class=\"elementor-heading-title elementor-size-default\">ABRIGO DE DOCA RETR\u00c1TIL<\/h6>\t\t\t\t<\/div>\n\t\t\t\t<\/div>\n\t\t\t\t<div class=\"elementor-element elementor-element-5d13283 elementor-widget elementor-widget-image\" data-id=\"5d13283\" data-element_type=\"widget\" data-widget_type=\"image.default\">\n\t\t\t\t<div class=\"elementor-widget-container\">\n\t\t\t\t\t\t\t\t\t\t\t\t\t\t\t\t<a href=\"https:\/\/sebras.com.br\/es\/site\/wp-content\/plugins\/elementor\/assets\/images\/placeholder.png\/\" data-elementor-open-lightbox=\"yes\" data-e-action-hash=\"#elementor-action%3Aaction%3Dlightbox%26settings%3DW10%3D\">\n\t\t\t\t\t\t\t<img decoding=\"async\" src=\"https:\/\/sebras.com.br\/site\/wp-content\/plugins\/elementor\/assets\/images\/placeholder.png\" title=\"\" alt=\"\" loading=\"lazy\" \/>\t\t\t\t\t\t\t\t<\/a>\n\t\t\t\t\t\t\t\t\t\t\t\t\t\t\t<\/div>\n\t\t\t\t<\/div>\n\t\t\t\t\t<\/div>\n\t\t<\/div>\n\t\t\t\t<div class=\"elementor-column elementor-col-66 elementor-top-column elementor-element elementor-element-034ac04\" data-id=\"034ac04\" data-element_type=\"column\">\n\t\t\t<div class=\"elementor-widget-wrap elementor-element-populated\">\n\t\t\t\t\t\t<div class=\"elementor-element elementor-element-c9e6d32 elementor-widget elementor-widget-text-editor\" data-id=\"c9e6d32\" data-element_type=\"widget\" data-widget_type=\"text-editor.default\">\n\t\t\t\t<div class=\"elementor-widget-container\">\n\t\t\t\t\t\t\t\t\t<ul><li>A estrutura \u00e9 fabricada com tubos de a\u00e7o carbono 60x40x1,5mm, com pe\u00e7as de encaixes parafusadas e rotuladas para deslocamento lateral. Esta estrutura recebe tratamento superficial de pintura eletrost\u00e1tica a p\u00f3 na cor Cinza Munsell N 6,5 texturizado.<\/li><li>Os fechamentos laterais e superior s\u00e3o confeccionados em lona vin\u00edlica LEDERFLEX 3000, com trama de fibra de poli\u00e9ster revestida com camadas de PVC.<\/li><li>\u00a0A frontal do Abrigo de Carga Retr\u00e1til Padr\u00e3o \u00e9 confeccionada em manta PVC com <strong>3mm de espessura<\/strong>, com 2 camadas internas de poli\u00e9ster.<\/li><li>A cor padr\u00e3o das lonas laterais e superiores e da manta frontal \u00e9 <strong>PRETO.<\/strong><\/li><\/ul>\t\t\t\t\t\t\t\t<\/div>\n\t\t\t\t<\/div>\n\t\t\t\t\t<\/div>\n\t\t<\/div>\n\t\t\t\t\t<\/div>\n\t\t<\/section>\n\t\t\t\t<section class=\"elementor-section elementor-top-section elementor-element elementor-element-e01ab23 elementor-section-boxed elementor-section-height-default elementor-section-height-default\" data-id=\"e01ab23\" data-element_type=\"section\">\n\t\t\t\t\t\t<div class=\"elementor-container elementor-column-gap-default\">\n\t\t\t\t\t<div class=\"elementor-column elementor-col-100 elementor-top-column elementor-element elementor-element-ce35f9d\" data-id=\"ce35f9d\" data-element_type=\"column\">\n\t\t\t<div class=\"elementor-widget-wrap elementor-element-populated\">\n\t\t\t\t\t\t<div class=\"elementor-element elementor-element-f1cf07b elementor-widget-divider--view-line elementor-widget elementor-widget-divider\" data-id=\"f1cf07b\" data-element_type=\"widget\" data-widget_type=\"divider.default\">\n\t\t\t\t<div class=\"elementor-widget-container\">\n\t\t\t\t\t\t\t<div class=\"elementor-divider\">\n\t\t\t<span class=\"elementor-divider-separator\">\n\t\t\t\t\t\t<\/span>\n\t\t<\/div>\n\t\t\t\t\t\t<\/div>\n\t\t\t\t<\/div>\n\t\t\t\t\t<\/div>\n\t\t<\/div>\n\t\t\t\t\t<\/div>\n\t\t<\/section>\n\t\t\t\t<section class=\"elementor-section elementor-top-section elementor-element elementor-element-d29f256 elementor-section-boxed elementor-section-height-default elementor-section-height-default\" data-id=\"d29f256\" data-element_type=\"section\">\n\t\t\t\t\t\t<div class=\"elementor-container elementor-column-gap-default\">\n\t\t\t\t\t<div class=\"elementor-column elementor-col-100 elementor-top-column elementor-element elementor-element-235322e\" data-id=\"235322e\" data-element_type=\"column\">\n\t\t\t<div class=\"elementor-widget-wrap elementor-element-populated\">\n\t\t\t\t\t\t<div class=\"elementor-element elementor-element-221bfda elementor-widget elementor-widget-heading\" data-id=\"221bfda\" data-element_type=\"widget\" data-widget_type=\"heading.default\">\n\t\t\t\t<div class=\"elementor-widget-container\">\n\t\t\t\t\t<h5 class=\"elementor-heading-title elementor-size-default\">VEJA ALGUMAS FOTOS DE ABRIGO DE DOCAS INSTALADOS EM NOSSOS CLIENTES<\/h5>\t\t\t\t<\/div>\n\t\t\t\t<\/div>\n\t\t\t\t\t<\/div>\n\t\t<\/div>\n\t\t\t\t\t<\/div>\n\t\t<\/section>\n\t\t\t\t<section class=\"elementor-section elementor-top-section elementor-element elementor-element-c98bf15 elementor-section-boxed elementor-section-height-default elementor-section-height-default\" data-id=\"c98bf15\" data-element_type=\"section\">\n\t\t\t\t\t\t<div class=\"elementor-container elementor-column-gap-default\">\n\t\t\t\t\t<div class=\"elementor-column elementor-col-100 elementor-top-column elementor-element elementor-element-2990721\" data-id=\"2990721\" data-element_type=\"column\">\n\t\t\t<div class=\"elementor-widget-wrap elementor-element-populated\">\n\t\t\t\t\t\t\t<\/div>\n\t\t<\/div>\n\t\t\t\t\t<\/div>\n\t\t<\/section>\n\t\t\t\t<section class=\"elementor-section elementor-top-section elementor-element elementor-element-5e5637f elementor-section-boxed elementor-section-height-default elementor-section-height-default\" data-id=\"5e5637f\" data-element_type=\"section\">\n\t\t\t\t\t\t<div class=\"elementor-container elementor-column-gap-default\">\n\t\t\t\t\t<div class=\"elementor-column elementor-col-100 elementor-top-column elementor-element elementor-element-2edf062\" data-id=\"2edf062\" data-element_type=\"column\">\n\t\t\t<div class=\"elementor-widget-wrap elementor-element-populated\">\n\t\t\t\t\t\t<div class=\"elementor-element elementor-element-917515c elementor-widget elementor-widget-heading\" data-id=\"917515c\" data-element_type=\"widget\" data-widget_type=\"heading.default\">\n\t\t\t\t<div class=\"elementor-widget-container\">\n\t\t\t\t\t<h5 class=\"elementor-heading-title elementor-size-default\">CONHE\u00c7A AS VANTAGENS DE TER NA SUA EMPRESA O ABRIGO DE DOCAS<\/h5>\t\t\t\t<\/div>\n\t\t\t\t<\/div>\n\t\t\t\t\t<\/div>\n\t\t<\/div>\n\t\t\t\t\t<\/div>\n\t\t<\/section>\n\t\t\t\t<section class=\"elementor-section elementor-top-section elementor-element elementor-element-d45f0ce elementor-section-boxed elementor-section-height-default elementor-section-height-default\" data-id=\"d45f0ce\" data-element_type=\"section\">\n\t\t\t\t\t\t<div class=\"elementor-container elementor-column-gap-default\">\n\t\t\t\t\t<div class=\"elementor-column elementor-col-100 elementor-top-column elementor-element elementor-element-2984c19\" data-id=\"2984c19\" data-element_type=\"column\">\n\t\t\t<div class=\"elementor-widget-wrap elementor-element-populated\">\n\t\t\t\t\t\t<div class=\"elementor-element elementor-element-888dd6e elementor-widget elementor-widget-text-editor\" data-id=\"888dd6e\" data-element_type=\"widget\" data-widget_type=\"text-editor.default\">\n\t\t\t\t<div class=\"elementor-widget-container\">\n\t\t\t\t\t\t\t\t\t<ul><li style=\"text-align: justify;\">Reduz a perda de frio no processo carga e descarga de mercadorias;<\/li><li style=\"text-align: justify;\">Disminuye el consumo de energ\u00eda el\u00e9ctrica en la refrigeraci\u00f3n;<\/li><li style=\"text-align: justify;\">Mant\u00eam condi\u00e7\u00f5es de higiene no interior do ambiente e do pr\u00f3prio caminh\u00e3o, contra entrada de insetos, poeira, umidade e chuva;<\/li><li style=\"text-align: justify;\">Protege a los operadores contra inclemencias del tiempo;<\/li><li style=\"text-align: justify;\">Valoriza a fachada das Docas.<\/li><\/ul>\t\t\t\t\t\t\t\t<\/div>\n\t\t\t\t<\/div>\n\t\t\t\t\t<\/div>\n\t\t<\/div>\n\t\t\t\t\t<\/div>\n\t\t<\/section>\n\t\t\t\t<section class=\"elementor-section elementor-top-section elementor-element elementor-element-b2d8ac2 elementor-section-boxed elementor-section-height-default elementor-section-height-default\" data-id=\"b2d8ac2\" data-element_type=\"section\">\n\t\t\t\t\t\t<div class=\"elementor-container elementor-column-gap-default\">\n\t\t\t\t\t<div class=\"elementor-column elementor-col-100 elementor-top-column elementor-element elementor-element-904be23\" data-id=\"904be23\" data-element_type=\"column\">\n\t\t\t<div class=\"elementor-widget-wrap elementor-element-populated\">\n\t\t\t\t\t\t<div class=\"elementor-element elementor-element-7669c6a elementor-widget elementor-widget-heading\" data-id=\"7669c6a\" data-element_type=\"widget\" data-widget_type=\"heading.default\">\n\t\t\t\t<div class=\"elementor-widget-container\">\n\t\t\t\t\t<h5 class=\"elementor-heading-title elementor-size-default\">FA\u00c7A O DOWNLOAD DO CAT\u00c1LOGO NO BOT\u00c3O ABAIXO<\/h5>\t\t\t\t<\/div>\n\t\t\t\t<\/div>\n\t\t\t\t\t<\/div>\n\t\t<\/div>\n\t\t\t\t\t<\/div>\n\t\t<\/section>\n\t\t\t\t<section class=\"elementor-section elementor-top-section elementor-element elementor-element-fc68e0c elementor-section-boxed elementor-section-height-default elementor-section-height-default\" data-id=\"fc68e0c\" data-element_type=\"section\">\n\t\t\t\t\t\t<div class=\"elementor-container elementor-column-gap-default\">\n\t\t\t\t\t<div class=\"elementor-column elementor-col-100 elementor-top-column elementor-element elementor-element-d6f52ad\" data-id=\"d6f52ad\" data-element_type=\"column\">\n\t\t\t<div class=\"elementor-widget-wrap elementor-element-populated\">\n\t\t\t\t\t\t<div class=\"elementor-element elementor-element-e96dbd8 elementor-align-center elementor-widget elementor-widget-button\" data-id=\"e96dbd8\" data-element_type=\"widget\" data-widget_type=\"button.default\">\n\t\t\t\t<div class=\"elementor-widget-container\">\n\t\t\t\t\t\t\t\t\t<div class=\"elementor-button-wrapper\">\n\t\t\t\t\t<a class=\"elementor-button elementor-button-link elementor-size-sm\" href=\"http:\/\/sebrasnovo.sebras.com.br\/abrigo-de-doca-retratil\/\" target=\"_blank\">\n\t\t\t\t\t\t<span class=\"elementor-button-content-wrapper\">\n\t\t\t\t\t\t\t\t\t<span class=\"elementor-button-text\">DESCARGAR CAT\u00c1LOGO<\/span>\n\t\t\t\t\t<\/span>\n\t\t\t\t\t<\/a>\n\t\t\t\t<\/div>\n\t\t\t\t\t\t\t\t<\/div>\n\t\t\t\t<\/div>\n\t\t\t\t\t<\/div>\n\t\t<\/div>\n\t\t\t\t\t<\/div>\n\t\t<\/section>\n\t\t\t\t<section class=\"elementor-section elementor-top-section elementor-element elementor-element-be0a1be elementor-section-boxed elementor-section-height-default elementor-section-height-default\" data-id=\"be0a1be\" data-element_type=\"section\">\n\t\t\t\t\t\t<div class=\"elementor-container elementor-column-gap-default\">\n\t\t\t\t\t<div class=\"elementor-column elementor-col-100 elementor-top-column elementor-element elementor-element-bba71af\" data-id=\"bba71af\" data-element_type=\"column\">\n\t\t\t<div class=\"elementor-widget-wrap elementor-element-populated\">\n\t\t\t\t\t\t<div class=\"elementor-element elementor-element-2579da4 elementor-widget-divider--view-line elementor-widget elementor-widget-divider\" data-id=\"2579da4\" data-element_type=\"widget\" data-widget_type=\"divider.default\">\n\t\t\t\t<div class=\"elementor-widget-container\">\n\t\t\t\t\t\t\t<div class=\"elementor-divider\">\n\t\t\t<span class=\"elementor-divider-separator\">\n\t\t\t\t\t\t<\/span>\n\t\t<\/div>\n\t\t\t\t\t\t<\/div>\n\t\t\t\t<\/div>\n\t\t\t\t\t<\/div>\n\t\t<\/div>\n\t\t\t\t\t<\/div>\n\t\t<\/section>\n\t\t\t\t<section class=\"elementor-section elementor-top-section elementor-element elementor-element-6c6155f elementor-section-boxed elementor-section-height-default elementor-section-height-default\" data-id=\"6c6155f\" data-element_type=\"section\">\n\t\t\t\t\t\t<div class=\"elementor-container elementor-column-gap-default\">\n\t\t\t\t\t<div class=\"elementor-column elementor-col-100 elementor-top-column elementor-element elementor-element-0fce5a7\" data-id=\"0fce5a7\" data-element_type=\"column\">\n\t\t\t<div class=\"elementor-widget-wrap elementor-element-populated\">\n\t\t\t\t\t\t<div class=\"elementor-element elementor-element-56c5dc6 elementor-widget elementor-widget-heading\" data-id=\"56c5dc6\" data-element_type=\"widget\" data-widget_type=\"heading.default\">\n\t\t\t\t<div class=\"elementor-widget-container\">\n\t\t\t\t\t<h6 class=\"elementor-heading-title elementor-size-default\">Para mais informa\u00e7\u00f5es ou caso esteja precisando de um or\u00e7amento, basta entrar em contato conosco atrav\u00e9s dos canais de atendimento abaixo.\n<\/h6>\t\t\t\t<\/div>\n\t\t\t\t<\/div>\n\t\t\t\t\t<\/div>\n\t\t<\/div>\n\t\t\t\t\t<\/div>\n\t\t<\/section>\n\t\t\t\t<section class=\"elementor-section elementor-top-section elementor-element elementor-element-6b984f5 elementor-section-boxed elementor-section-height-default elementor-section-height-default\" data-id=\"6b984f5\" data-element_type=\"section\">\n\t\t\t\t\t\t<div class=\"elementor-container elementor-column-gap-default\">\n\t\t\t\t\t<div class=\"elementor-column elementor-col-100 elementor-top-column elementor-element elementor-element-e2891a9\" data-id=\"e2891a9\" data-element_type=\"column\">\n\t\t\t<div class=\"elementor-widget-wrap elementor-element-populated\">\n\t\t\t\t\t\t<div class=\"elementor-element elementor-element-4138719 elementor-widget elementor-widget-spacer\" data-id=\"4138719\" data-element_type=\"widget\" data-widget_type=\"spacer.default\">\n\t\t\t\t<div class=\"elementor-widget-container\">\n\t\t\t\t\t\t\t<div class=\"elementor-spacer\">\n\t\t\t<div class=\"elementor-spacer-inner\"><\/div>\n\t\t<\/div>\n\t\t\t\t\t\t<\/div>\n\t\t\t\t<\/div>\n\t\t\t\t\t<\/div>\n\t\t<\/div>\n\t\t\t\t\t<\/div>\n\t\t<\/section>\n\t\t\t\t<\/div>","protected":false},"excerpt":{"rendered":"<p>Os Abrigo de Docas SEBRAS s\u00e3o ideais para proteger o produto contra chuva, vento e poeira, durante o processo de carregamento e descarregamento dos caminh\u00f5es. Al\u00e9m disso, por fazerem a fun\u00e7\u00e3o de veda\u00e7\u00e3o entre a doca e o ba\u00fa do caminh\u00e3o, tamb\u00e9m auxiliam na manuten\u00e7\u00e3o da temperatura do ambiente interno no momento em que a [&hellip;]<\/p>\n","protected":false},"featured_media":0,"parent":0,"template":"","meta":{"_acf_changed":false},"categoria-do-blog":[27],"class_list":["post-3274","blog","type-blog","status-publish","hentry","categoria-do-blog-noticia"],"acf":[],"_links":{"self":[{"href":"https:\/\/sebras.com.br\/es\/wp-json\/wp\/v2\/blog\/3274","targetHints":{"allow":["GET"]}}],"collection":[{"href":"https:\/\/sebras.com.br\/es\/wp-json\/wp\/v2\/blog"}],"about":[{"href":"https:\/\/sebras.com.br\/es\/wp-json\/wp\/v2\/types\/blog"}],"version-history":[{"count":4,"href":"https:\/\/sebras.com.br\/es\/wp-json\/wp\/v2\/blog\/3274\/revisions"}],"predecessor-version":[{"id":3279,"href":"https:\/\/sebras.com.br\/es\/wp-json\/wp\/v2\/blog\/3274\/revisions\/3279"}],"wp:attachment":[{"href":"https:\/\/sebras.com.br\/es\/wp-json\/wp\/v2\/media?parent=3274"}],"wp:term":[{"taxonomy":"categoria-do-blog","embeddable":true,"href":"https:\/\/sebras.com.br\/es\/wp-json\/wp\/v2\/categoria-do-blog?post=3274"}],"curies":[{"name":"wp","href":"https:\/\/api.w.org\/{rel}","templated":true}]}}