{"id":3197,"date":"2016-07-08T10:49:46","date_gmt":"2016-07-08T13:49:46","guid":{"rendered":"https:\/\/sebras.com.br\/site\/?post_type=blog&#038;p=3197"},"modified":"2025-06-18T10:10:04","modified_gmt":"2025-06-18T13:10:04","slug":"sebras-tem-presenca-confirmada-na-feira-mercoagro-2016","status":"publish","type":"blog","link":"https:\/\/sebras.com.br\/es\/blog\/sebras-tem-presenca-confirmada-na-feira-mercoagro-2016\/","title":{"rendered":"SEBRAS tem presen\u00e7a confirmada na Feira Mercoagro 2016"},"content":{"rendered":"\t\t<div data-elementor-type=\"wp-post\" data-elementor-id=\"3197\" class=\"elementor elementor-3197\" data-elementor-post-type=\"blog\">\n\t\t\t\t\t\t<section class=\"elementor-section elementor-top-section elementor-element elementor-element-d604318 elementor-section-boxed elementor-section-height-default elementor-section-height-default\" data-id=\"d604318\" data-element_type=\"section\">\n\t\t\t\t\t\t<div class=\"elementor-container elementor-column-gap-default\">\n\t\t\t\t\t<div class=\"elementor-column elementor-col-100 elementor-top-column elementor-element elementor-element-514a828\" data-id=\"514a828\" data-element_type=\"column\">\n\t\t\t<div class=\"elementor-widget-wrap elementor-element-populated\">\n\t\t\t\t\t\t<div class=\"elementor-element elementor-element-0f0e911 elementor-widget elementor-widget-text-editor\" data-id=\"0f0e911\" data-element_type=\"widget\" data-widget_type=\"text-editor.default\">\n\t\t\t\t<div class=\"elementor-widget-container\">\n\t\t\t\t\t\t\t\t\t<p style=\"text-align: justify;\">Este ano vamos expor \u00a0pela primeira vez na\u00a0<span style=\"color: #a80000;\"><strong>Feira Mercoagro\u00a02016<\/strong><\/span>.\u00a0A \u00a0Feira Mercoagro 2016 (Feira Internacional de Neg\u00f3cios, Processamento e Industrializa\u00e7\u00e3o da Carne) \u00e9 organizada pela\u00a0<span style=\"color: #a80000;\"><strong>Associa\u00e7\u00e3o Comercial e Industrial de Chapec\u00f3<\/strong><\/span>(ACIC) e ser\u00e1 realizada de 13 a 16 de setembro no Parque de Exposi\u00e7\u00f5es Tancredo Neves, em Chapec\u00f3 (SC). O hor\u00e1rio de visita\u00e7\u00e3o ser\u00e1 das 14 \u00e0s 21 horas.<\/p>\r\n<p style=\"text-align: justify;\">A feira conta com o apoio institucional do\u00a0<span style=\"color: #a80000;\"><strong>Banco Regional de Desenvolvimento do Extremo Sul<\/strong><\/span>\u00a0(BRDE), da\u00a0<span style=\"color: #a80000;\"><strong>Associa\u00e7\u00e3o Brasileira de Prote\u00edna Animal<\/strong><\/span>\u00a0(ABPA), da\u00a0<span style=\"color: #a80000;\"><strong>Associa\u00e7\u00e3o Brasileira de Frigor\u00edficos<\/strong><\/span>\u00a0(Abrafrigo) e do\u00a0<span style=\"color: #a80000;\"><strong>Centro de Tecnologia de Carnes do ITAL<\/strong><\/span>, entre outras institui\u00e7\u00f5es.<\/p>\r\n\r\n<h5 style=\"text-align: center;\"><span style=\"color: #a80000;\"><strong>A nossa atua\u00e7\u00e3o no Brasil e no exterior nos levou a desenvolver solu\u00e7\u00f5es para os setores:<\/strong><\/span><\/h5>\r\n<ul>\r\n \t<li>Agroindustrial<\/li>\r\n \t<li>Frigor\u00edfico<\/li>\r\n \t<li>Aliment\u00edcio<\/li>\r\n \t<li>Embalagem<\/li>\r\n \t<li>Farmac\u00eautico<\/li>\r\n \t<li>Higiene e Limpeza<\/li>\r\n \t<li>Qu\u00edmico<\/li>\r\n \t<li>Eletr\u00f4nico<\/li>\r\n \t<li>Aeron\u00e1utico e Naval<\/li>\r\n \t<li>M\u00e1quinas e Equipamentos<\/li>\r\n<\/ul>\r\n<div class=\"g-cols offset_default\">\r\n<div class=\"one-third\">\r\n<div class=\"wpb_text_column \">\r\n<p class=\"wpb_wrapper\"><span style=\"text-align: center;\">Durante a feira, apresentaremos portas r\u00e1pidas com mais desempenho na agricultura, como por exemplo as\u00a0<\/span><span style=\"color: #a80000;\"><strong style=\"text-align: center;\">Portas R\u00e1pidas para Moegas<\/strong><\/span><span style=\"text-align: center;\">. Leia o material abaixo que fizemos especialmente para este tipo de aplica\u00e7\u00e3o.<\/span><\/p>\r\n<p class=\"wpb_wrapper\" style=\"text-align: center;\">[vc_row][vc_column][dt_button link=&#8221;http:\/\/conteudo.sebras.com.br\/portas-automaticas-industrias-para-moegas&#8221; button_alignment=&#8221;center&#8221; size=&#8221;medium&#8221;]Clique Aqui[\/dt_button][\/vc_column][\/vc_row]<\/p>\r\n\r\n<\/div>\r\n<\/div>\r\n<\/div>\r\n<div><\/div>\r\n<h5 style=\"text-align: center;\"><strong><span style=\"color: #a80000;\">Feira Mercoagro 2016: Hist\u00f3ria junto com o setor<\/span>\r\n<\/strong><\/h5>\r\n<div>\r\n<div style=\"text-align: justify;\">\r\n\r\nAo difundir tecnologias e conhecimentos e gerar a aproxima\u00e7\u00e3o entre fornecedores e consumidores, a Mercoagro, ao longo dos anos, promoveu o crescimento do setor em v\u00e1rios aspectos: economicamente, fomentando neg\u00f3cios, conectando pessoas e empresas em network, ampliando a visibilidade das empresas participantes, ajudando a construir reputa\u00e7\u00f5es e ainda gerando proje\u00e7\u00e3o internacional.\r\n\r\n<\/div>\r\n<p style=\"text-align: center;\"><span style=\"color: #a80000;\"><strong>De acordo com a nossa Gerente Comercial, Vanessa K. Pires, a participa\u00e7\u00e3o na Mercoagro \u00e9 de suma import\u00e2ncia.<\/strong><\/span><\/p>\r\n\r\n<blockquote>\r\n<p style=\"text-align: justify;\"><strong>\u201cAl\u00e9m de promover nossos produtos e servi\u00e7os, \u00e9 poss\u00edvel oferecer solu\u00e7\u00f5es para as ind\u00fastrias que necessitam de locais limpos e temperaturas controladas sem interferir na agilidade dos processos produtivos\u201d Enfatiza.<\/strong><\/p>\r\n<p style=\"text-align: right;\"><strong>Vanessa K. Pires<\/strong><\/p>\r\n<p style=\"text-align: right;\"><strong>Gerente Comercial<\/strong><\/p>\r\n<\/blockquote>\r\n<p style=\"text-align: justify;\">Chapec\u00f3 \u00e9 um dos principais polos tecnol\u00f3gicos de industrializa\u00e7\u00e3o de carnes do planeta e est\u00e1 na regi\u00e3o de maior concentra\u00e7\u00e3o de frigor\u00edficos do mundo. Tamb\u00e9m \u00e9 o local onde nasceram as maiores e mais importantes ind\u00fastrias do agroneg\u00f3cio do Brasil.<\/p>\r\n<p style=\"text-align: justify;\">Por essa proximidade geogr\u00e1fica, a Feira Mercoagro 2016 tem a vantagem de receber a visita\u00e7\u00e3o de um p\u00fablico amplo e especializado, reunindo os profissionais-chave na cadeia produtiva, que s\u00e3o os sujeitos determinantes para a tomada de decis\u00e3o: desde os diretores, gestores e t\u00e9cnicos, at\u00e9 os profissionais do n\u00edvel operacional.<\/p>\r\n\r\n<\/div>\r\n&nbsp;\r\n\r\n\t\t\t\t\t\t\t\t<\/div>\n\t\t\t\t<\/div>\n\t\t\t\t\t<\/div>\n\t\t<\/div>\n\t\t\t\t\t<\/div>\n\t\t<\/section>\n\t\t\t\t<section class=\"elementor-section elementor-top-section elementor-element elementor-element-979c421 elementor-section-boxed elementor-section-height-default elementor-section-height-default\" data-id=\"979c421\" data-element_type=\"section\">\n\t\t\t\t\t\t<div class=\"elementor-container elementor-column-gap-default\">\n\t\t\t\t\t<div class=\"elementor-column elementor-col-100 elementor-top-column elementor-element elementor-element-064f23f\" data-id=\"064f23f\" data-element_type=\"column\">\n\t\t\t<div class=\"elementor-widget-wrap elementor-element-populated\">\n\t\t\t\t\t\t<div class=\"elementor-element elementor-element-8aed403 elementor-widget elementor-widget-heading\" data-id=\"8aed403\" data-element_type=\"widget\" data-widget_type=\"heading.default\">\n\t\t\t\t<div class=\"elementor-widget-container\">\n\t\t\t\t\t<h6 class=\"elementor-heading-title elementor-size-default\">Para mais informa\u00e7\u00f5es ou caso esteja precisando de um or\u00e7amento, basta entrar em contato conosco atrav\u00e9s dos canais de atendimento abaixo.\n<\/h6>\t\t\t\t<\/div>\n\t\t\t\t<\/div>\n\t\t\t\t\t<\/div>\n\t\t<\/div>\n\t\t\t\t\t<\/div>\n\t\t<\/section>\n\t\t\t\t<section class=\"elementor-section elementor-top-section elementor-element elementor-element-29c3dcf elementor-section-boxed elementor-section-height-default elementor-section-height-default\" data-id=\"29c3dcf\" data-element_type=\"section\">\n\t\t\t\t\t\t<div class=\"elementor-container elementor-column-gap-default\">\n\t\t\t\t\t<div class=\"elementor-column elementor-col-33 elementor-top-column elementor-element elementor-element-b3d3e70\" data-id=\"b3d3e70\" data-element_type=\"column\">\n\t\t\t<div class=\"elementor-widget-wrap elementor-element-populated\">\n\t\t\t\t\t\t<div class=\"elementor-element elementor-element-b2e6c65 elementor-widget elementor-widget-image\" data-id=\"b2e6c65\" data-element_type=\"widget\" data-widget_type=\"image.default\">\n\t\t\t\t<div class=\"elementor-widget-container\">\n\t\t\t\t\t\t\t\t\t\t\t\t\t\t\t\t<a href=\"https:\/\/wa.me\/5551995560599\" target=\"_blank\">\n\t\t\t\t\t\t\t<img decoding=\"async\" src=\"https:\/\/sebras.com.br\/site\/wp-content\/plugins\/elementor\/assets\/images\/placeholder.png\" title=\"\" alt=\"\" loading=\"lazy\" \/>\t\t\t\t\t\t\t\t<\/a>\n\t\t\t\t\t\t\t\t\t\t\t\t\t\t\t<\/div>\n\t\t\t\t<\/div>\n\t\t\t\t<div class=\"elementor-element elementor-element-4c69449 elementor-align-center elementor-widget elementor-widget-button\" data-id=\"4c69449\" data-element_type=\"widget\" data-widget_type=\"button.default\">\n\t\t\t\t<div class=\"elementor-widget-container\">\n\t\t\t\t\t\t\t\t\t<div class=\"elementor-button-wrapper\">\n\t\t\t\t\t<a class=\"elementor-button elementor-button-link elementor-size-sm\" href=\"https:\/\/wa.me\/5551995560599\" target=\"_blank\">\n\t\t\t\t\t\t<span class=\"elementor-button-content-wrapper\">\n\t\t\t\t\t\t\t\t\t<span class=\"elementor-button-text\">(51) 995 560 599<\/span>\n\t\t\t\t\t<\/span>\n\t\t\t\t\t<\/a>\n\t\t\t\t<\/div>\n\t\t\t\t\t\t\t\t<\/div>\n\t\t\t\t<\/div>\n\t\t\t\t<div class=\"elementor-element elementor-element-70cde71 elementor-widget-divider--view-line elementor-widget elementor-widget-divider\" data-id=\"70cde71\" data-element_type=\"widget\" data-widget_type=\"divider.default\">\n\t\t\t\t<div class=\"elementor-widget-container\">\n\t\t\t\t\t\t\t<div class=\"elementor-divider\">\n\t\t\t<span class=\"elementor-divider-separator\">\n\t\t\t\t\t\t<\/span>\n\t\t<\/div>\n\t\t\t\t\t\t<\/div>\n\t\t\t\t<\/div>\n\t\t\t\t\t<\/div>\n\t\t<\/div>\n\t\t\t\t<div class=\"elementor-column elementor-col-33 elementor-top-column elementor-element elementor-element-5a64ccc\" data-id=\"5a64ccc\" data-element_type=\"column\">\n\t\t\t<div class=\"elementor-widget-wrap elementor-element-populated\">\n\t\t\t\t\t\t<div class=\"elementor-element elementor-element-0cd7a84 elementor-widget elementor-widget-image\" data-id=\"0cd7a84\" data-element_type=\"widget\" data-widget_type=\"image.default\">\n\t\t\t\t<div class=\"elementor-widget-container\">\n\t\t\t\t\t\t\t\t\t\t\t\t\t\t\t\t<a href=\"http:\/\/sebrasnovo.sebras.com.br\/orcamento\/\" target=\"_blank\">\n\t\t\t\t\t\t\t<img decoding=\"async\" src=\"https:\/\/sebras.com.br\/site\/wp-content\/plugins\/elementor\/assets\/images\/placeholder.png\" title=\"\" alt=\"\" loading=\"lazy\" \/>\t\t\t\t\t\t\t\t<\/a>\n\t\t\t\t\t\t\t\t\t\t\t\t\t\t\t<\/div>\n\t\t\t\t<\/div>\n\t\t\t\t<div class=\"elementor-element elementor-element-af656bf elementor-align-center elementor-widget elementor-widget-button\" data-id=\"af656bf\" data-element_type=\"widget\" data-widget_type=\"button.default\">\n\t\t\t\t<div class=\"elementor-widget-container\">\n\t\t\t\t\t\t\t\t\t<div class=\"elementor-button-wrapper\">\n\t\t\t\t\t<a class=\"elementor-button elementor-button-link elementor-size-sm\" href=\"http:\/\/sebrasnovo.sebras.com.br\/orcamento\/\" target=\"_blank\">\n\t\t\t\t\t\t<span class=\"elementor-button-content-wrapper\">\n\t\t\t\t\t\t\t\t\t<span class=\"elementor-button-text\">SOLICITE OR\u00c7AMENTO<\/span>\n\t\t\t\t\t<\/span>\n\t\t\t\t\t<\/a>\n\t\t\t\t<\/div>\n\t\t\t\t\t\t\t\t<\/div>\n\t\t\t\t<\/div>\n\t\t\t\t<div class=\"elementor-element elementor-element-f995deb elementor-widget-divider--view-line elementor-widget elementor-widget-divider\" data-id=\"f995deb\" data-element_type=\"widget\" data-widget_type=\"divider.default\">\n\t\t\t\t<div class=\"elementor-widget-container\">\n\t\t\t\t\t\t\t<div class=\"elementor-divider\">\n\t\t\t<span class=\"elementor-divider-separator\">\n\t\t\t\t\t\t<\/span>\n\t\t<\/div>\n\t\t\t\t\t\t<\/div>\n\t\t\t\t<\/div>\n\t\t\t\t\t<\/div>\n\t\t<\/div>\n\t\t\t\t<div class=\"elementor-column elementor-col-33 elementor-top-column elementor-element elementor-element-eca2cd7\" data-id=\"eca2cd7\" data-element_type=\"column\">\n\t\t\t<div class=\"elementor-widget-wrap elementor-element-populated\">\n\t\t\t\t\t\t<div class=\"elementor-element elementor-element-bdec075 elementor-widget elementor-widget-image\" data-id=\"bdec075\" data-element_type=\"widget\" data-widget_type=\"image.default\">\n\t\t\t\t<div class=\"elementor-widget-container\">\n\t\t\t\t\t\t\t\t\t\t\t\t\t\t\t<img decoding=\"async\" src=\"https:\/\/sebras.com.br\/site\/wp-content\/plugins\/elementor\/assets\/images\/placeholder.png\" title=\"\" alt=\"\" loading=\"lazy\" \/>\t\t\t\t\t\t\t\t\t\t\t\t\t\t\t<\/div>\n\t\t\t\t<\/div>\n\t\t\t\t<div class=\"elementor-element elementor-element-738a444 elementor-align-center elementor-widget elementor-widget-button\" data-id=\"738a444\" data-element_type=\"widget\" data-widget_type=\"button.default\">\n\t\t\t\t<div class=\"elementor-widget-container\">\n\t\t\t\t\t\t\t\t\t<div class=\"elementor-button-wrapper\">\n\t\t\t\t\t<a class=\"elementor-button elementor-size-sm\" role=\"button\">\n\t\t\t\t\t\t<span class=\"elementor-button-content-wrapper\">\n\t\t\t\t\t\t\t\t\t<span class=\"elementor-button-text\">(51) 3081 - 0554<\/span>\n\t\t\t\t\t<\/span>\n\t\t\t\t\t<\/a>\n\t\t\t\t<\/div>\n\t\t\t\t\t\t\t\t<\/div>\n\t\t\t\t<\/div>\n\t\t\t\t<div class=\"elementor-element elementor-element-82921a9 elementor-widget-divider--view-line elementor-widget elementor-widget-divider\" data-id=\"82921a9\" data-element_type=\"widget\" data-widget_type=\"divider.default\">\n\t\t\t\t<div class=\"elementor-widget-container\">\n\t\t\t\t\t\t\t<div class=\"elementor-divider\">\n\t\t\t<span class=\"elementor-divider-separator\">\n\t\t\t\t\t\t<\/span>\n\t\t<\/div>\n\t\t\t\t\t\t<\/div>\n\t\t\t\t<\/div>\n\t\t\t\t\t<\/div>\n\t\t<\/div>\n\t\t\t\t\t<\/div>\n\t\t<\/section>\n\t\t\t\t<\/div>\n\t\t","protected":false},"excerpt":{"rendered":"<p>Este ano vamos expor \u00a0pela primeira vez na\u00a0Feira Mercoagro\u00a02016.\u00a0A \u00a0Feira Mercoagro 2016 (Feira Internacional de Neg\u00f3cios, Processamento e Industrializa\u00e7\u00e3o da Carne) \u00e9 organizada pela\u00a0Associa\u00e7\u00e3o Comercial e Industrial de Chapec\u00f3(ACIC) e ser\u00e1 realizada de 13 a 16 de setembro no Parque de Exposi\u00e7\u00f5es Tancredo Neves, em Chapec\u00f3 (SC). O hor\u00e1rio de visita\u00e7\u00e3o ser\u00e1 das 14 \u00e0s [&hellip;]<\/p>\n","protected":false},"featured_media":0,"parent":0,"template":"","meta":{"_acf_changed":false},"categoria-do-blog":[27],"class_list":["post-3197","blog","type-blog","status-publish","hentry","categoria-do-blog-noticia"],"acf":[],"_links":{"self":[{"href":"https:\/\/sebras.com.br\/es\/wp-json\/wp\/v2\/blog\/3197","targetHints":{"allow":["GET"]}}],"collection":[{"href":"https:\/\/sebras.com.br\/es\/wp-json\/wp\/v2\/blog"}],"about":[{"href":"https:\/\/sebras.com.br\/es\/wp-json\/wp\/v2\/types\/blog"}],"version-history":[{"count":4,"href":"https:\/\/sebras.com.br\/es\/wp-json\/wp\/v2\/blog\/3197\/revisions"}],"predecessor-version":[{"id":3201,"href":"https:\/\/sebras.com.br\/es\/wp-json\/wp\/v2\/blog\/3197\/revisions\/3201"}],"wp:attachment":[{"href":"https:\/\/sebras.com.br\/es\/wp-json\/wp\/v2\/media?parent=3197"}],"wp:term":[{"taxonomy":"categoria-do-blog","embeddable":true,"href":"https:\/\/sebras.com.br\/es\/wp-json\/wp\/v2\/categoria-do-blog?post=3197"}],"curies":[{"name":"wp","href":"https:\/\/api.w.org\/{rel}","templated":true}]}}