{"id":3117,"date":"2017-01-17T10:19:43","date_gmt":"2017-01-17T12:19:43","guid":{"rendered":"https:\/\/sebras.com.br\/site\/?post_type=blog&#038;p=3117"},"modified":"2025-06-18T11:46:21","modified_gmt":"2025-06-18T14:46:21","slug":"conheca-as-5-vantagens-das-portas-rapidas-industriais","status":"publish","type":"blog","link":"https:\/\/sebras.com.br\/es\/blog\/conheca-as-5-vantagens-das-portas-rapidas-industriais\/","title":{"rendered":"Conhe\u00e7a as 5 vantagens das Portas R\u00e1pidas Industriais"},"content":{"rendered":"\t\t<div data-elementor-type=\"wp-post\" data-elementor-id=\"3117\" class=\"elementor elementor-3117\" data-elementor-post-type=\"blog\">\n\t\t\t\t<div class=\"elementor-element elementor-element-685afb4 e-flex e-con-boxed e-con e-parent\" data-id=\"685afb4\" data-element_type=\"container\">\n\t\t\t\t\t<div class=\"e-con-inner\">\n\t\t\t\t<div class=\"elementor-element elementor-element-5d903ef elementor-widget elementor-widget-text-editor\" data-id=\"5d903ef\" data-element_type=\"widget\" data-widget_type=\"text-editor.default\">\n\t\t\t\t<div class=\"elementor-widget-container\">\n\t\t\t\t\t\t\t\t\t<p style=\"text-align: justify;\"><span style=\"font-weight: 400; color: #ed1c24;\"><strong>P<\/strong><\/span><strong><span style=\"color: #ed1c24;\">ortas R\u00e1pidas Industriais Autom\u00e1ticas<\/span>\u00a0<\/strong><span style=\"font-weight: 400;\">de abertura e fechamento r\u00e1pido s\u00e3o a melhor alternativa para manter seu ambiente fabril fechado\u00a0e\u00a0ideais para locais com tr\u00e1fego cont\u00ednuo de entrada e sa\u00edda de mercadorias, pessoas e ve\u00edculos. As portas industriais SEBRAS s\u00e3o desenvolvidas para atender as necessidades geradas pelas ind\u00fastrias, garantindo a higieniza\u00e7\u00e3o e temperaturas controladas sem interferir na agilidade dos processos produtivos.<\/span><\/p><p><\/p><hr \/><h6 style=\"text-align: center;\"><span style=\"color: #ed1c24;\"><strong>CONHE\u00c7A 5 VANTAGENS DE UTILIZAR PORTAS INDUSTRIAIS SEBRAS<\/strong><\/span><\/h6><p style=\"text-align: justify;\"><span style=\"font-weight: 400;\"><span style=\"color: #ed1c24;\"><strong>1\u00aa ISOLAMENTO E HIGIENE<\/strong><\/span>\u00a0&#8211; Com alto n\u00edvel de veda\u00e7\u00e3o\u00a0e velocidade de abertura de 1 m\/s seu ambiente estar\u00e1 protegido das contamina\u00e7\u00f5es ou intemp\u00e9ries do dia a dia. Para ambientes que necessitam de temperatura controlada, \u00e9 fundamental uma Porta R\u00e1pida para evitar a perda brusca de de ar quente ou frio. Assim teremos garantia de um ambiente com temperatura adequada e uma economia de energia dos equipamentos de climatiza\u00e7\u00e3o.<\/span><\/p><p style=\"text-align: justify;\"><span style=\"font-weight: 400;\"><span style=\"color: #ed1c24;\"><strong>2\u00aa CICLO DE ABERTURA<\/strong><\/span>\u00a0&#8211; As Portas R\u00e1pidas s\u00e3o capazes de suportar um alto fluxo de aberturas por dia, aproximadamente 1000 ciclos, est\u00e3o equipadas com um motoredutor SEW dimensionado de acordo com o tamanho da porta e sua carga de funcionamento. Com essa abertura r\u00e1pida ganhamos agilidade no tr\u00e1fego continuo de empilhadeiras e pessoas\u00a0sem interferir nos processos produtivos.<\/span><\/p><p style=\"text-align: justify;\"><span style=\"font-weight: 400;\"><span style=\"color: #ed1c24;\"><strong>3\u00aa DURABILIDADE<\/strong><\/span>\u00a0&#8211; A durabilidade de uma\u00a0<span style=\"color: #ed1c24;\"><strong>Porta R\u00e1pida<\/strong><\/span>\u00a0\u00e9 muito superior a uma\u00a0<span style=\"color: #ed1c24;\"><strong>Porta Met\u00e1lica<\/strong><\/span>, por ser motorizada, com pintura especial eletrost\u00e1tica que garante uma vida \u00fatil do material. Portas R\u00e1pidas exigem menos manuten\u00e7\u00f5es do que portas met\u00e1licas, tendo um\u00a0<span style=\"color: #ed1c24;\"><strong>custo x benef\u00edcio<\/strong><\/span>\u00a0maior.<\/span><\/p><p style=\"text-align: justify;\"><span style=\"font-weight: 400;\"><span style=\"color: #a80000;\"><strong><span style=\"color: #ed1c24;\">4\u00aaSEGURAN\u00c7A<\/span><\/strong><\/span>&#8211; As Portas R\u00e1pidas Industriais possuem v\u00e1rios dispositivos de acionamento e automa\u00e7\u00e3o, garantindo o fluxo de movimenta\u00e7\u00e3o e a seguran\u00e7a das pessoas e materiais. Os principais dispositivos de automa\u00e7\u00e3o utilizados s\u00e3o:<\/span><\/p><ul><li style=\"text-align: justify;\"><span style=\"font-weight: 400;\">Detector de massa met\u00e1lica<\/span><\/li><li style=\"text-align: justify;\"><span style=\"font-weight: 400;\">Sensor de presen\u00e7a<\/span><\/li><li style=\"text-align: justify;\"><span style=\"font-weight: 400;\">Fotoc\u00e9lulas de seguran\u00e7a<\/span><\/li><li style=\"text-align: justify;\"><span style=\"font-weight: 400;\">Sinalizadores visuais<\/span><\/li><\/ul><p style=\"text-align: justify;\"><span style=\"font-weight: 400;\"><span style=\"color: #ed1c24;\"><strong>5\u00aa DENTRO DAS NORMAS<\/strong><\/span>\u00a0&#8211; O painel de comando \u00e9 com CLP\u00a0e atende a Norma NR-10. Isso \u00e9 um ponto positivo na hora da sua empresa passar por auditorias. As Portas R\u00e1pidas atendem\u00a0os requisitos e condi\u00e7\u00f5es m\u00ednimas no que se refere as medidas de controle de seguran\u00e7a e sistemas preventivos, de forma a garantir a seguran\u00e7a e a sa\u00fade dos trabalhadores.<\/span><\/p><p>[vc_row][vc_column width=&#8221;1\/2&#8243;][vc_column_text]<\/p><hr \/><h5 style=\"text-align: center;\"><strong><span style=\"color: #008000;\">PORTA R\u00c1PIDA<\/span><\/strong><\/h5><ul><li>Alto n\u00edvel de isolamento do ambiente, pois est\u00e3o sempre fechadas, prontas para a abertura.<\/li><li>Abertura r\u00e1pida at\u00e9 2 m\/s atrav\u00e9s dos dispositivos de automa\u00e7\u00e3o. Ex: Detector de massa met\u00e1lica.<\/li><li>Alta capacidade de abertura \/ dia, com baixo \u00edndice de manuten\u00e7\u00e3o.<\/li><li>Apresentam dispositivos de controle e sistemas de seguran\u00e7a.<\/li><li>Modelo espec\u00edfico para divis\u00e3o de ambientes internos, e baixo n\u00edvel de interfer\u00eancia.<\/li><li>Possuem visores para visualiza\u00e7\u00e3o do lado oposto e proporcionam luminosidade ao ambiente.<\/li><li>Empresas que utilizam Portas R\u00e1pidas s\u00e3o definidas por seus visitantes, como empresa que investe em tecnologia e em melhorias nos seus processos produtivos.<\/li><\/ul><p>[\/vc_column_text][\/vc_column][vc_column width=&#8221;1\/2&#8243;][vc_column_text]<\/p><hr \/><h5 style=\"text-align: center;\"><span style=\"color: #ed1c24;\"><strong>PORTA MET\u00c1LICA<\/strong><\/span><\/h5><ul><li>Baixo n\u00edvel de isolamento, pois passam boa parte do tempo abertos, principalmente nas movimenta\u00e7\u00f5es.<\/li><li>Perda de produtividade em fun\u00e7\u00e3o da sua abertura lenta (operador fica aguardando abertura da porta).<\/li><li>\u00cdndice de manuten\u00e7\u00e3o mais elevado, com baixa capacidade de abertura.<\/li><li>N\u00e3o apresentam dispositivos de controle e sistemas de seguran\u00e7a.<\/li><li>Dificilmente s\u00e3o utilizados para divis\u00e3o interna por n\u00e3o serem pr\u00e1ticos.<\/li><li>N\u00e3o Possuem visores para visualiza\u00e7\u00e3o do lado oposto do ambiente.<\/li><li>S\u00e3o portas pesadas, de dif\u00edcil manuseio e n\u00e3o agregam tecnologia para a empresa.<\/li><\/ul><p>[\/vc_column_text][\/vc_column][\/vc_row]<\/p><hr \/><p style=\"text-align: center;\"><strong><span style=\"color: #000000;\">QUER SABER\u00a0 MAIS SOBRE OS MODELOS DE PORTAS R\u00c1PIDAS INDUSTRIAIS E TIPOS DE APLICA\u00c7\u00c3O?<\/span><\/strong><\/p><p style=\"text-align: center;\"><strong><span style=\"color: #ed1c24;\">LEIA ABAIXO O NOSSO GUIA DE PORTA R\u00c1PIDAS E SAIBA MAIS SOBRE ESSA TECNOLOGIA QUE \u00c9 TEND\u00caNCIA MUNDIAL.<\/span><\/strong><\/p>\t\t\t\t\t\t\t\t<\/div>\n\t\t\t\t<\/div>\n\t\t\t\t\t<\/div>\n\t\t\t\t<\/div>\n\t\t<div class=\"elementor-element elementor-element-1e6ace9 e-flex e-con-boxed e-con e-parent\" data-id=\"1e6ace9\" data-element_type=\"container\">\n\t\t\t\t\t<div class=\"e-con-inner\">\n\t\t\t\t<div class=\"elementor-element elementor-element-4830626 elementor-align-center elementor-widget elementor-widget-button\" data-id=\"4830626\" data-element_type=\"widget\" data-widget_type=\"button.default\">\n\t\t\t\t<div class=\"elementor-widget-container\">\n\t\t\t\t\t\t\t\t\t<div class=\"elementor-button-wrapper\">\n\t\t\t\t\t<a class=\"elementor-button elementor-button-link elementor-size-sm\" href=\"http:\/\/sebrasnovo.sebras.com.br\/guia-de-portas-rapidas-industriais-ebook\/\" target=\"_blank\">\n\t\t\t\t\t\t<span class=\"elementor-button-content-wrapper\">\n\t\t\t\t\t\t\t\t\t<span class=\"elementor-button-text\">Clique aqui<\/span>\n\t\t\t\t\t<\/span>\n\t\t\t\t\t<\/a>\n\t\t\t\t<\/div>\n\t\t\t\t\t\t\t\t<\/div>\n\t\t\t\t<\/div>\n\t\t\t\t\t<\/div>\n\t\t\t\t<\/div>\n\t\t\t\t<\/div>\n\t\t","protected":false},"excerpt":{"rendered":"<p>Portas R\u00e1pidas Industriais Autom\u00e1ticas\u00a0de abertura e fechamento r\u00e1pido s\u00e3o a melhor alternativa para manter seu ambiente fabril fechado\u00a0e\u00a0ideais para locais com tr\u00e1fego cont\u00ednuo de entrada e sa\u00edda de mercadorias, pessoas e ve\u00edculos. As portas industriais SEBRAS s\u00e3o desenvolvidas para atender as necessidades geradas pelas ind\u00fastrias, garantindo a higieniza\u00e7\u00e3o e temperaturas controladas sem interferir na agilidade [&hellip;]<\/p>\n","protected":false},"featured_media":3122,"parent":0,"template":"","meta":{"_acf_changed":false},"categoria-do-blog":[27],"class_list":["post-3117","blog","type-blog","status-publish","has-post-thumbnail","hentry","categoria-do-blog-noticia"],"acf":[],"_links":{"self":[{"href":"https:\/\/sebras.com.br\/es\/wp-json\/wp\/v2\/blog\/3117","targetHints":{"allow":["GET"]}}],"collection":[{"href":"https:\/\/sebras.com.br\/es\/wp-json\/wp\/v2\/blog"}],"about":[{"href":"https:\/\/sebras.com.br\/es\/wp-json\/wp\/v2\/types\/blog"}],"version-history":[{"count":5,"href":"https:\/\/sebras.com.br\/es\/wp-json\/wp\/v2\/blog\/3117\/revisions"}],"predecessor-version":[{"id":3123,"href":"https:\/\/sebras.com.br\/es\/wp-json\/wp\/v2\/blog\/3117\/revisions\/3123"}],"wp:featuredmedia":[{"embeddable":true,"href":"https:\/\/sebras.com.br\/es\/wp-json\/wp\/v2\/media\/3122"}],"wp:attachment":[{"href":"https:\/\/sebras.com.br\/es\/wp-json\/wp\/v2\/media?parent=3117"}],"wp:term":[{"taxonomy":"categoria-do-blog","embeddable":true,"href":"https:\/\/sebras.com.br\/es\/wp-json\/wp\/v2\/categoria-do-blog?post=3117"}],"curies":[{"name":"wp","href":"https:\/\/api.w.org\/{rel}","templated":true}]}}