{"id":3080,"date":"2015-03-15T16:35:02","date_gmt":"2015-03-15T19:35:02","guid":{"rendered":"https:\/\/sebras.com.br\/site\/?post_type=blog&#038;p=3080"},"modified":"2025-06-18T09:58:44","modified_gmt":"2025-06-18T12:58:44","slug":"portas-industriais-no-rio-de-janeiro-rj-conheca-nossos-modelos","status":"publish","type":"blog","link":"https:\/\/sebras.com.br\/es\/blog\/portas-industriais-no-rio-de-janeiro-rj-conheca-nossos-modelos\/","title":{"rendered":"Portas Industriais no Rio de Janeiro &#8211; RJ: Conhe\u00e7a nossos modelos"},"content":{"rendered":"<div data-elementor-type=\"wp-post\" data-elementor-id=\"3080\" class=\"elementor elementor-3080\" data-elementor-post-type=\"blog\">\n\t\t\t\t\t\t<section class=\"elementor-section elementor-top-section elementor-element elementor-element-0d64a4b elementor-section-boxed elementor-section-height-default elementor-section-height-default\" data-id=\"0d64a4b\" data-element_type=\"section\">\n\t\t\t\t\t\t<div class=\"elementor-container elementor-column-gap-default\">\n\t\t\t\t\t<div class=\"elementor-column elementor-col-100 elementor-top-column elementor-element elementor-element-040b97e\" data-id=\"040b97e\" data-element_type=\"column\">\n\t\t\t<div class=\"elementor-widget-wrap elementor-element-populated\">\n\t\t\t\t\t\t<div class=\"elementor-element elementor-element-a0e1ff5 elementor-widget elementor-widget-text-editor\" data-id=\"a0e1ff5\" data-element_type=\"widget\" data-widget_type=\"text-editor.default\">\n\t\t\t\t<div class=\"elementor-widget-container\">\n\t\t\t\t\t\t\t\t\t<p style=\"text-align: justify;\"><span style=\"font-weight: 400;\">Est\u00e1 precisando de portas industriais no Rio de Janeiro &#8211; RJ e tem d\u00favidas sobre qual modelo \u00e9 o mais apropriado para o seu ambiente? Nesse conte\u00fado vamos apresentar os nossos modelos de portas industriais e como s\u00e3o as suas mais diversas aplica\u00e7\u00f5es.<\/span><\/p><p style=\"text-align: justify;\"><span style=\"font-weight: 400;\">As Portas Industriais no Rio de Janeiro &#8211; RJ est\u00e3o se tornando cada vez mais comuns em ind\u00fastrias de diversos segmentos. Essa realidade j\u00e1 \u00e9 comum na Europa, onde as empresas buscam cada vez mais recursos tecnol\u00f3gicos para agilizar seus processos.<\/span><\/p><p style=\"text-align: justify;\"><span style=\"font-weight: 400;\">A tecnologia tem facilitado todos os processos dentro de uma ind\u00fastria, e isso vem se estendendo para a estrutura do local de trabalho. As portas industriais no Rio de Janeiro &#8211; RJ est\u00e3o se tornando tend\u00eancia no setor industrial por conta de seus benef\u00edcios relacionados a possibilidade de aumentar a agilidade na produ\u00e7\u00e3o. <\/span><\/p>\t\t\t\t\t\t\t\t<\/div>\n\t\t\t\t<\/div>\n\t\t\t\t\t<\/div>\n\t\t<\/div>\n\t\t\t\t\t<\/div>\n\t\t<\/section>\n\t\t\t\t<section class=\"elementor-section elementor-top-section elementor-element elementor-element-60ba77b elementor-section-boxed elementor-section-height-default elementor-section-height-default\" data-id=\"60ba77b\" data-element_type=\"section\">\n\t\t\t\t\t\t<div class=\"elementor-container elementor-column-gap-default\">\n\t\t\t\t\t<div class=\"elementor-column elementor-col-100 elementor-top-column elementor-element elementor-element-dfb98bc\" data-id=\"dfb98bc\" data-element_type=\"column\">\n\t\t\t<div class=\"elementor-widget-wrap elementor-element-populated\">\n\t\t\t\t\t\t<div class=\"elementor-element elementor-element-e231aab elementor-widget elementor-widget-heading\" data-id=\"e231aab\" data-element_type=\"widget\" data-widget_type=\"heading.default\">\n\t\t\t\t<div class=\"elementor-widget-container\">\n\t\t\t\t\t<h6 class=\"elementor-heading-title elementor-size-default\">VEJA AS VANTAGENS DA UTILIZA\u00c7\u00c3O DAS PORTAS INDUSTRIAIS NO RIO DE JANEIRO<\/h6>\t\t\t\t<\/div>\n\t\t\t\t<\/div>\n\t\t\t\t\t<\/div>\n\t\t<\/div>\n\t\t\t\t\t<\/div>\n\t\t<\/section>\n\t\t\t\t<section class=\"elementor-section elementor-top-section elementor-element elementor-element-d988348 elementor-section-boxed elementor-section-height-default elementor-section-height-default\" data-id=\"d988348\" data-element_type=\"section\">\n\t\t\t\t\t\t<div class=\"elementor-container elementor-column-gap-default\">\n\t\t\t\t\t<div class=\"elementor-column elementor-col-100 elementor-top-column elementor-element elementor-element-0cfc951\" data-id=\"0cfc951\" data-element_type=\"column\">\n\t\t\t<div class=\"elementor-widget-wrap elementor-element-populated\">\n\t\t\t\t\t\t<div class=\"elementor-element elementor-element-62a1456 elementor-widget elementor-widget-text-editor\" data-id=\"62a1456\" data-element_type=\"widget\" data-widget_type=\"text-editor.default\">\n\t\t\t\t<div class=\"elementor-widget-container\">\n\t\t\t\t\t\t\t\t\t<ul><li style=\"font-weight: 400;\"><span style=\"font-weight: 400;\">Garante a qualidade dos produtos fabricados<\/span><\/li><li style=\"font-weight: 400;\"><span style=\"font-weight: 400;\">Melhora as condi\u00e7\u00f5es de trabalho dos funcion\u00e1rios<\/span><\/li><li style=\"font-weight: 400;\"><span style=\"font-weight: 400;\">Reduz os custos de limpeza e demais fatores prejudiciais a um determinado processo produtivo<\/span><\/li><li style=\"font-weight: 400;\"><span style=\"font-weight: 400;\">Melhoria nas condi\u00e7\u00f5es de limpeza e higiene dos locais isolados<\/span><\/li><li style=\"font-weight: 400;\"><span style=\"font-weight: 400;\">Agilidade de abertura e fechamento<\/span><\/li><li style=\"font-weight: 400;\"><span style=\"font-weight: 400;\">Seguran\u00e7a das pessoas que circulam pelo v\u00e3o<\/span><\/li><li style=\"font-weight: 400;\"><span style=\"font-weight: 400;\">O baixo \u00edndice de manuten\u00e7\u00e3o nas portas<\/span><\/li><li style=\"font-weight: 400;\"><span style=\"font-weight: 400;\">Reduz os custos de energia el\u00e9trica<\/span><\/li><li style=\"font-weight: 400;\"><span style=\"font-weight: 400;\">Reduz os custos de manuten\u00e7\u00e3o das \u00e1reas.<\/span><\/li><\/ul>\t\t\t\t\t\t\t\t<\/div>\n\t\t\t\t<\/div>\n\t\t\t\t\t<\/div>\n\t\t<\/div>\n\t\t\t\t\t<\/div>\n\t\t<\/section>\n\t\t\t\t<section class=\"elementor-section elementor-top-section elementor-element elementor-element-f09c42a elementor-section-boxed elementor-section-height-default elementor-section-height-default\" data-id=\"f09c42a\" data-element_type=\"section\">\n\t\t\t\t\t\t<div class=\"elementor-container elementor-column-gap-default\">\n\t\t\t\t\t<div class=\"elementor-column elementor-col-100 elementor-top-column elementor-element elementor-element-457d166\" data-id=\"457d166\" data-element_type=\"column\">\n\t\t\t<div class=\"elementor-widget-wrap elementor-element-populated\">\n\t\t\t\t\t\t<div class=\"elementor-element elementor-element-7d353f9 elementor-widget elementor-widget-heading\" data-id=\"7d353f9\" data-element_type=\"widget\" data-widget_type=\"heading.default\">\n\t\t\t\t<div class=\"elementor-widget-container\">\n\t\t\t\t\t<h6 class=\"elementor-heading-title elementor-size-default\">CONHE\u00c7A OS MODELOS DE PORTAS INDUSTRIAIS NO RIO DE JANEIRO<\/h6>\t\t\t\t<\/div>\n\t\t\t\t<\/div>\n\t\t\t\t\t<\/div>\n\t\t<\/div>\n\t\t\t\t\t<\/div>\n\t\t<\/section>\n\t\t\t\t<section class=\"elementor-section elementor-top-section elementor-element elementor-element-bcafec6 elementor-section-boxed elementor-section-height-default elementor-section-height-default\" data-id=\"bcafec6\" data-element_type=\"section\">\n\t\t\t\t\t\t<div class=\"elementor-container elementor-column-gap-default\">\n\t\t\t\t\t<div class=\"elementor-column elementor-col-33 elementor-top-column elementor-element elementor-element-ceccea9\" data-id=\"ceccea9\" data-element_type=\"column\">\n\t\t\t<div class=\"elementor-widget-wrap elementor-element-populated\">\n\t\t\t\t\t\t<div class=\"elementor-element elementor-element-1e5388d elementor-widget elementor-widget-image\" data-id=\"1e5388d\" data-element_type=\"widget\" data-widget_type=\"image.default\">\n\t\t\t\t<div class=\"elementor-widget-container\">\n\t\t\t\t\t\t\t\t\t\t\t\t\t\t\t\t<a href=\"http:\/\/sebrasnovo.sebras.com.br\/porta-rapida-industrial\/\" target=\"_blank\">\n\t\t\t\t\t\t\t<img decoding=\"async\" src=\"https:\/\/sebras.com.br\/site\/wp-content\/plugins\/elementor\/assets\/images\/placeholder.png\" title=\"\" alt=\"\" loading=\"lazy\" \/>\t\t\t\t\t\t\t\t<\/a>\n\t\t\t\t\t\t\t\t\t\t\t\t\t\t\t<\/div>\n\t\t\t\t<\/div>\n\t\t\t\t<div class=\"elementor-element elementor-element-d410f60 elementor-widget elementor-widget-text-editor\" data-id=\"d410f60\" data-element_type=\"widget\" data-widget_type=\"text-editor.default\">\n\t\t\t\t<div class=\"elementor-widget-container\">\n\t\t\t\t\t\t\t\t\t<p style=\"text-align: center;\"><span style=\"color: #000000;\">Ambientes Internos e Externos<\/span><br \/><span style=\"color: #000000;\">Dimens\u00f5es M\u00e1ximas:<\/span><br \/><span style=\"color: #000000;\">20.000mm (L) x 10.000mm(A)<\/span><br \/><span style=\"color: #000000;\">1000 ciclos de abertura di\u00e1rio<\/span><br \/><span style=\"color: #000000;\">Resiste \u00e0 ventos at\u00e9 105km\/h<\/span><br \/><span style=\"color: #000000;\">Abertura por empacotamento<\/span><\/p>\t\t\t\t\t\t\t\t<\/div>\n\t\t\t\t<\/div>\n\t\t\t\t<div class=\"elementor-element elementor-element-62fe3f5 elementor-align-center elementor-widget elementor-widget-button\" data-id=\"62fe3f5\" data-element_type=\"widget\" data-widget_type=\"button.default\">\n\t\t\t\t<div class=\"elementor-widget-container\">\n\t\t\t\t\t\t\t\t\t<div class=\"elementor-button-wrapper\">\n\t\t\t\t\t<a class=\"elementor-button elementor-button-link elementor-size-sm\" href=\"http:\/\/sebrasnovo.sebras.com.br\/porta-rapida-industrial\/\" target=\"_blank\">\n\t\t\t\t\t\t<span class=\"elementor-button-content-wrapper\">\n\t\t\t\t\t\t\t\t\t<span class=\"elementor-button-text\">Saiba mais<\/span>\n\t\t\t\t\t<\/span>\n\t\t\t\t\t<\/a>\n\t\t\t\t<\/div>\n\t\t\t\t\t\t\t\t<\/div>\n\t\t\t\t<\/div>\n\t\t\t\t<div class=\"elementor-element elementor-element-e0c880a elementor-widget-divider--view-line elementor-widget elementor-widget-divider\" data-id=\"e0c880a\" data-element_type=\"widget\" data-widget_type=\"divider.default\">\n\t\t\t\t<div class=\"elementor-widget-container\">\n\t\t\t\t\t\t\t<div class=\"elementor-divider\">\n\t\t\t<span class=\"elementor-divider-separator\">\n\t\t\t\t\t\t<\/span>\n\t\t<\/div>\n\t\t\t\t\t\t<\/div>\n\t\t\t\t<\/div>\n\t\t\t\t\t<\/div>\n\t\t<\/div>\n\t\t\t\t<div class=\"elementor-column elementor-col-33 elementor-top-column elementor-element elementor-element-2f02ef5\" data-id=\"2f02ef5\" data-element_type=\"column\">\n\t\t\t<div class=\"elementor-widget-wrap elementor-element-populated\">\n\t\t\t\t\t\t<div class=\"elementor-element elementor-element-a5ecd0d elementor-widget elementor-widget-image\" data-id=\"a5ecd0d\" data-element_type=\"widget\" data-widget_type=\"image.default\">\n\t\t\t\t<div class=\"elementor-widget-container\">\n\t\t\t\t\t\t\t\t\t\t\t\t\t\t\t\t<a href=\"http:\/\/sebrasnovo.sebras.com.br\/porta-rapida-de-enrolar\/\" target=\"_blank\">\n\t\t\t\t\t\t\t<img decoding=\"async\" src=\"https:\/\/sebras.com.br\/site\/wp-content\/plugins\/elementor\/assets\/images\/placeholder.png\" title=\"\" alt=\"\" loading=\"lazy\" \/>\t\t\t\t\t\t\t\t<\/a>\n\t\t\t\t\t\t\t\t\t\t\t\t\t\t\t<\/div>\n\t\t\t\t<\/div>\n\t\t\t\t<div class=\"elementor-element elementor-element-47bd9d9 elementor-widget elementor-widget-text-editor\" data-id=\"47bd9d9\" data-element_type=\"widget\" data-widget_type=\"text-editor.default\">\n\t\t\t\t<div class=\"elementor-widget-container\">\n\t\t\t\t\t\t\t\t\t<p style=\"text-align: center;\"><span style=\"color: #000000;\">Ambientes Internos<\/span><br \/><span style=\"color: #000000;\">Dimens\u00f5es M\u00e1ximas:<\/span><br \/><span style=\"color: #000000;\">4.000mm (L) x 4.000mm(A)<\/span><br \/><span style=\"color: #000000;\">1000 ciclos de abertura di\u00e1rio<\/span><br \/><span style=\"color: #000000;\">Resiste \u00e0 ventos at\u00e9 25km\/h<\/span><br \/><span style=\"color: #000000;\">Abertura de enrolar<\/span><\/p>\t\t\t\t\t\t\t\t<\/div>\n\t\t\t\t<\/div>\n\t\t\t\t<div class=\"elementor-element elementor-element-30662da elementor-align-center elementor-widget elementor-widget-button\" data-id=\"30662da\" data-element_type=\"widget\" data-widget_type=\"button.default\">\n\t\t\t\t<div class=\"elementor-widget-container\">\n\t\t\t\t\t\t\t\t\t<div class=\"elementor-button-wrapper\">\n\t\t\t\t\t<a class=\"elementor-button elementor-button-link elementor-size-sm\" href=\"http:\/\/sebrasnovo.sebras.com.br\/porta-rapida-de-enrolar\/\" target=\"_blank\">\n\t\t\t\t\t\t<span class=\"elementor-button-content-wrapper\">\n\t\t\t\t\t\t\t\t\t<span class=\"elementor-button-text\">Saiba mais<\/span>\n\t\t\t\t\t<\/span>\n\t\t\t\t\t<\/a>\n\t\t\t\t<\/div>\n\t\t\t\t\t\t\t\t<\/div>\n\t\t\t\t<\/div>\n\t\t\t\t<div class=\"elementor-element elementor-element-ec3e0f3 elementor-widget-divider--view-line elementor-widget elementor-widget-divider\" data-id=\"ec3e0f3\" data-element_type=\"widget\" data-widget_type=\"divider.default\">\n\t\t\t\t<div class=\"elementor-widget-container\">\n\t\t\t\t\t\t\t<div class=\"elementor-divider\">\n\t\t\t<span class=\"elementor-divider-separator\">\n\t\t\t\t\t\t<\/span>\n\t\t<\/div>\n\t\t\t\t\t\t<\/div>\n\t\t\t\t<\/div>\n\t\t\t\t\t<\/div>\n\t\t<\/div>\n\t\t\t\t<div class=\"elementor-column elementor-col-33 elementor-top-column elementor-element elementor-element-616a397\" data-id=\"616a397\" data-element_type=\"column\">\n\t\t\t<div class=\"elementor-widget-wrap elementor-element-populated\">\n\t\t\t\t\t\t<div class=\"elementor-element elementor-element-17adb93 elementor-widget elementor-widget-image\" data-id=\"17adb93\" data-element_type=\"widget\" data-widget_type=\"image.default\">\n\t\t\t\t<div class=\"elementor-widget-container\">\n\t\t\t\t\t\t\t\t\t\t\t\t\t\t\t\t<a href=\"http:\/\/sebrasnovo.sebras.com.br\/porta-frigorifica-industrial\/\" target=\"_blank\">\n\t\t\t\t\t\t\t<img decoding=\"async\" src=\"https:\/\/sebras.com.br\/site\/wp-content\/plugins\/elementor\/assets\/images\/placeholder.png\" title=\"\" alt=\"\" loading=\"lazy\" \/>\t\t\t\t\t\t\t\t<\/a>\n\t\t\t\t\t\t\t\t\t\t\t\t\t\t\t<\/div>\n\t\t\t\t<\/div>\n\t\t\t\t<div class=\"elementor-element elementor-element-5f137a5 elementor-widget elementor-widget-text-editor\" data-id=\"5f137a5\" data-element_type=\"widget\" data-widget_type=\"text-editor.default\">\n\t\t\t\t<div class=\"elementor-widget-container\">\n\t\t\t\t\t\t\t\t\t<p style=\"text-align: center;\"><span style=\"color: #000000;\">Ambientes at\u00e9 -35\u00b0C<\/span><br \/><span style=\"color: #000000;\">Dimens\u00f5es M\u00e1ximas:<\/span><br \/><span style=\"color: #000000;\">3.000mm (L) x 6.000mm(A)<\/span><br \/><span style=\"color: #000000;\">1000 ciclos de abertura di\u00e1rio<\/span><br \/><span style=\"color: #000000;\">Lona possui isolamento t\u00e9rmico<\/span><br \/><span style=\"color: #000000;\">Abertura por empacotamento<\/span><\/p>\t\t\t\t\t\t\t\t<\/div>\n\t\t\t\t<\/div>\n\t\t\t\t<div class=\"elementor-element elementor-element-ff428b6 elementor-align-center elementor-widget elementor-widget-button\" data-id=\"ff428b6\" data-element_type=\"widget\" data-widget_type=\"button.default\">\n\t\t\t\t<div class=\"elementor-widget-container\">\n\t\t\t\t\t\t\t\t\t<div class=\"elementor-button-wrapper\">\n\t\t\t\t\t<a class=\"elementor-button elementor-button-link elementor-size-sm\" href=\"http:\/\/sebrasnovo.sebras.com.br\/porta-frigorifica-industrial\/\" target=\"_blank\">\n\t\t\t\t\t\t<span class=\"elementor-button-content-wrapper\">\n\t\t\t\t\t\t\t\t\t<span class=\"elementor-button-text\">Saiba mais<\/span>\n\t\t\t\t\t<\/span>\n\t\t\t\t\t<\/a>\n\t\t\t\t<\/div>\n\t\t\t\t\t\t\t\t<\/div>\n\t\t\t\t<\/div>\n\t\t\t\t<div class=\"elementor-element elementor-element-74a5d7a elementor-widget-divider--view-line elementor-widget elementor-widget-divider\" data-id=\"74a5d7a\" data-element_type=\"widget\" data-widget_type=\"divider.default\">\n\t\t\t\t<div class=\"elementor-widget-container\">\n\t\t\t\t\t\t\t<div class=\"elementor-divider\">\n\t\t\t<span class=\"elementor-divider-separator\">\n\t\t\t\t\t\t<\/span>\n\t\t<\/div>\n\t\t\t\t\t\t<\/div>\n\t\t\t\t<\/div>\n\t\t\t\t\t<\/div>\n\t\t<\/div>\n\t\t\t\t\t<\/div>\n\t\t<\/section>\n\t\t\t\t<section class=\"elementor-section elementor-top-section elementor-element elementor-element-59165ba elementor-section-boxed elementor-section-height-default elementor-section-height-default\" data-id=\"59165ba\" data-element_type=\"section\">\n\t\t\t\t\t\t<div class=\"elementor-container elementor-column-gap-default\">\n\t\t\t\t\t<div class=\"elementor-column elementor-col-33 elementor-top-column elementor-element elementor-element-60e891f\" data-id=\"60e891f\" data-element_type=\"column\">\n\t\t\t<div class=\"elementor-widget-wrap elementor-element-populated\">\n\t\t\t\t\t\t<div class=\"elementor-element elementor-element-cff9f5e elementor-widget elementor-widget-image\" data-id=\"cff9f5e\" data-element_type=\"widget\" data-widget_type=\"image.default\">\n\t\t\t\t<div class=\"elementor-widget-container\">\n\t\t\t\t\t\t\t\t\t\t\t\t\t\t\t\t<a href=\"http:\/\/sebrasnovo.sebras.com.br\/porta-frigorifica-de-enrolar\/\" target=\"_blank\">\n\t\t\t\t\t\t\t<img decoding=\"async\" src=\"https:\/\/sebras.com.br\/site\/wp-content\/plugins\/elementor\/assets\/images\/placeholder.png\" title=\"\" alt=\"\" loading=\"lazy\" \/>\t\t\t\t\t\t\t\t<\/a>\n\t\t\t\t\t\t\t\t\t\t\t\t\t\t\t<\/div>\n\t\t\t\t<\/div>\n\t\t\t\t<div class=\"elementor-element elementor-element-6a02b98 elementor-widget elementor-widget-text-editor\" data-id=\"6a02b98\" data-element_type=\"widget\" data-widget_type=\"text-editor.default\">\n\t\t\t\t<div class=\"elementor-widget-container\">\n\t\t\t\t\t\t\t\t\t<p style=\"text-align: center;\"><span style=\"color: #000000;\">Ambientes at\u00e9 -25\u00b0C<\/span><br \/><span style=\"color: #000000;\">Dimens\u00f5es M\u00e1ximas:<\/span><br \/><span style=\"color: #000000;\">3.000mm (L) x 3.500mm(A)<\/span><br \/><span style=\"color: #000000;\">1000 ciclos de abertura di\u00e1rio<\/span><br \/><span style=\"color: #000000;\">Lona possui isolamento t\u00e9rmico<\/span><br \/><span style=\"color: #000000;\">Abertura de enrolar<\/span><\/p>\t\t\t\t\t\t\t\t<\/div>\n\t\t\t\t<\/div>\n\t\t\t\t<div class=\"elementor-element elementor-element-e517c08 elementor-align-center elementor-widget elementor-widget-button\" data-id=\"e517c08\" data-element_type=\"widget\" data-widget_type=\"button.default\">\n\t\t\t\t<div class=\"elementor-widget-container\">\n\t\t\t\t\t\t\t\t\t<div class=\"elementor-button-wrapper\">\n\t\t\t\t\t<a class=\"elementor-button elementor-button-link elementor-size-sm\" href=\"http:\/\/sebrasnovo.sebras.com.br\/porta-frigorifica-de-enrolar\/\" target=\"_blank\">\n\t\t\t\t\t\t<span class=\"elementor-button-content-wrapper\">\n\t\t\t\t\t\t\t\t\t<span class=\"elementor-button-text\">Saiba mais<\/span>\n\t\t\t\t\t<\/span>\n\t\t\t\t\t<\/a>\n\t\t\t\t<\/div>\n\t\t\t\t\t\t\t\t<\/div>\n\t\t\t\t<\/div>\n\t\t\t\t<div class=\"elementor-element elementor-element-c8f83c8 elementor-widget-divider--view-line elementor-widget elementor-widget-divider\" data-id=\"c8f83c8\" data-element_type=\"widget\" data-widget_type=\"divider.default\">\n\t\t\t\t<div class=\"elementor-widget-container\">\n\t\t\t\t\t\t\t<div class=\"elementor-divider\">\n\t\t\t<span class=\"elementor-divider-separator\">\n\t\t\t\t\t\t<\/span>\n\t\t<\/div>\n\t\t\t\t\t\t<\/div>\n\t\t\t\t<\/div>\n\t\t\t\t\t<\/div>\n\t\t<\/div>\n\t\t\t\t<div class=\"elementor-column elementor-col-33 elementor-top-column elementor-element elementor-element-e26cc39\" data-id=\"e26cc39\" data-element_type=\"column\">\n\t\t\t<div class=\"elementor-widget-wrap elementor-element-populated\">\n\t\t\t\t\t\t<div class=\"elementor-element elementor-element-d5af01f elementor-widget elementor-widget-image\" data-id=\"d5af01f\" data-element_type=\"widget\" data-widget_type=\"image.default\">\n\t\t\t\t<div class=\"elementor-widget-container\">\n\t\t\t\t\t\t\t\t\t\t\t\t\t\t\t\t<a href=\"http:\/\/sebrasnovo.sebras.com.br\/porta-de-enrolar-para-doca\/\" target=\"_blank\">\n\t\t\t\t\t\t\t<img decoding=\"async\" src=\"https:\/\/sebras.com.br\/site\/wp-content\/plugins\/elementor\/assets\/images\/placeholder.png\" title=\"\" alt=\"\" loading=\"lazy\" \/>\t\t\t\t\t\t\t\t<\/a>\n\t\t\t\t\t\t\t\t\t\t\t\t\t\t\t<\/div>\n\t\t\t\t<\/div>\n\t\t\t\t<div class=\"elementor-element elementor-element-2849963 elementor-widget elementor-widget-text-editor\" data-id=\"2849963\" data-element_type=\"widget\" data-widget_type=\"text-editor.default\">\n\t\t\t\t<div class=\"elementor-widget-container\">\n\t\t\t\t\t\t\t\t\t<p style=\"text-align: center;\"><span style=\"color: #000000;\">Ideal para docas de carga<\/span><br \/><span style=\"color: #000000;\">Dimens\u00f5es M\u00e1ximas:<\/span><br \/><span style=\"color: #000000;\">3.000mm (L) x 3.000mm(A)<\/span><br \/><span style=\"color: #000000;\">250 ciclos de abertura di\u00e1rio<\/span><br \/><span style=\"color: #000000;\">Resist\u00eancia \u00e0 ventos at\u00e9 60km\/h<\/span><br \/><span style=\"color: #000000;\">Abertura de enrolar<\/span><\/p>\t\t\t\t\t\t\t\t<\/div>\n\t\t\t\t<\/div>\n\t\t\t\t<div class=\"elementor-element elementor-element-09f0b1e elementor-align-center elementor-widget elementor-widget-button\" data-id=\"09f0b1e\" data-element_type=\"widget\" data-widget_type=\"button.default\">\n\t\t\t\t<div class=\"elementor-widget-container\">\n\t\t\t\t\t\t\t\t\t<div class=\"elementor-button-wrapper\">\n\t\t\t\t\t<a class=\"elementor-button elementor-button-link elementor-size-sm\" href=\"http:\/\/sebrasnovo.sebras.com.br\/porta-de-enrolar-para-doca\/\" target=\"_blank\">\n\t\t\t\t\t\t<span class=\"elementor-button-content-wrapper\">\n\t\t\t\t\t\t\t\t\t<span class=\"elementor-button-text\">Saiba mais<\/span>\n\t\t\t\t\t<\/span>\n\t\t\t\t\t<\/a>\n\t\t\t\t<\/div>\n\t\t\t\t\t\t\t\t<\/div>\n\t\t\t\t<\/div>\n\t\t\t\t<div class=\"elementor-element elementor-element-2d41741 elementor-widget-divider--view-line elementor-widget elementor-widget-divider\" data-id=\"2d41741\" data-element_type=\"widget\" data-widget_type=\"divider.default\">\n\t\t\t\t<div class=\"elementor-widget-container\">\n\t\t\t\t\t\t\t<div class=\"elementor-divider\">\n\t\t\t<span class=\"elementor-divider-separator\">\n\t\t\t\t\t\t<\/span>\n\t\t<\/div>\n\t\t\t\t\t\t<\/div>\n\t\t\t\t<\/div>\n\t\t\t\t\t<\/div>\n\t\t<\/div>\n\t\t\t\t<div class=\"elementor-column elementor-col-33 elementor-top-column elementor-element elementor-element-18e94a7\" data-id=\"18e94a7\" data-element_type=\"column\">\n\t\t\t<div class=\"elementor-widget-wrap elementor-element-populated\">\n\t\t\t\t\t\t<div class=\"elementor-element elementor-element-c3ddffe elementor-widget elementor-widget-image\" data-id=\"c3ddffe\" data-element_type=\"widget\" data-widget_type=\"image.default\">\n\t\t\t\t<div class=\"elementor-widget-container\">\n\t\t\t\t\t\t\t\t\t\t\t\t\t\t\t\t<a href=\"http:\/\/sebrasnovo.sebras.com.br\/porta-seccional\/\" target=\"_blank\">\n\t\t\t\t\t\t\t<img decoding=\"async\" src=\"https:\/\/sebras.com.br\/site\/wp-content\/plugins\/elementor\/assets\/images\/placeholder.png\" title=\"\" alt=\"\" loading=\"lazy\" \/>\t\t\t\t\t\t\t\t<\/a>\n\t\t\t\t\t\t\t\t\t\t\t\t\t\t\t<\/div>\n\t\t\t\t<\/div>\n\t\t\t\t<div class=\"elementor-element elementor-element-a00d6ef elementor-widget elementor-widget-text-editor\" data-id=\"a00d6ef\" data-element_type=\"widget\" data-widget_type=\"text-editor.default\">\n\t\t\t\t<div class=\"elementor-widget-container\">\n\t\t\t\t\t\t\t\t\t<p style=\"text-align: center;\"><span style=\"color: #000000;\">Ideal para docas de carga<\/span><br \/><span style=\"color: #000000;\">Dimens\u00f5es M\u00e1ximas:<\/span><br \/><span style=\"color: #000000;\">4.000mm (L) x 4.000mm(A)<\/span><br \/><span style=\"color: #000000;\">Manual ou motorizado<\/span><br \/><span style=\"color: #000000;\">Ambientes de 0 a 70\u00b0C<\/span><br \/><span style=\"color: #000000;\">Possui 3 modelos de abertura<\/span><\/p>\t\t\t\t\t\t\t\t<\/div>\n\t\t\t\t<\/div>\n\t\t\t\t<div class=\"elementor-element elementor-element-7337962 elementor-align-center elementor-widget elementor-widget-button\" data-id=\"7337962\" data-element_type=\"widget\" data-widget_type=\"button.default\">\n\t\t\t\t<div class=\"elementor-widget-container\">\n\t\t\t\t\t\t\t\t\t<div class=\"elementor-button-wrapper\">\n\t\t\t\t\t<a class=\"elementor-button elementor-button-link elementor-size-sm\" href=\"http:\/\/sebrasnovo.sebras.com.br\/porta-seccional\/\" target=\"_blank\">\n\t\t\t\t\t\t<span class=\"elementor-button-content-wrapper\">\n\t\t\t\t\t\t\t\t\t<span class=\"elementor-button-text\">Saiba mais<\/span>\n\t\t\t\t\t<\/span>\n\t\t\t\t\t<\/a>\n\t\t\t\t<\/div>\n\t\t\t\t\t\t\t\t<\/div>\n\t\t\t\t<\/div>\n\t\t\t\t<div class=\"elementor-element elementor-element-c4e8362 elementor-widget-divider--view-line elementor-widget elementor-widget-divider\" data-id=\"c4e8362\" data-element_type=\"widget\" data-widget_type=\"divider.default\">\n\t\t\t\t<div class=\"elementor-widget-container\">\n\t\t\t\t\t\t\t<div class=\"elementor-divider\">\n\t\t\t<span class=\"elementor-divider-separator\">\n\t\t\t\t\t\t<\/span>\n\t\t<\/div>\n\t\t\t\t\t\t<\/div>\n\t\t\t\t<\/div>\n\t\t\t\t\t<\/div>\n\t\t<\/div>\n\t\t\t\t\t<\/div>\n\t\t<\/section>\n\t\t\t\t<section class=\"elementor-section elementor-top-section elementor-element elementor-element-af4473d elementor-section-boxed elementor-section-height-default elementor-section-height-default\" data-id=\"af4473d\" data-element_type=\"section\">\n\t\t\t\t\t\t<div class=\"elementor-container elementor-column-gap-default\">\n\t\t\t\t\t<div class=\"elementor-column elementor-col-33 elementor-top-column elementor-element elementor-element-4ad591f\" data-id=\"4ad591f\" data-element_type=\"column\">\n\t\t\t<div class=\"elementor-widget-wrap elementor-element-populated\">\n\t\t\t\t\t\t<div class=\"elementor-element elementor-element-48fd1b9 elementor-widget elementor-widget-image\" data-id=\"48fd1b9\" data-element_type=\"widget\" data-widget_type=\"image.default\">\n\t\t\t\t<div class=\"elementor-widget-container\">\n\t\t\t\t\t\t\t\t\t\t\t\t\t\t\t\t<a href=\"http:\/\/sebrasnovo.sebras.com.br\/porta-gigante\/\" target=\"_blank\">\n\t\t\t\t\t\t\t<img decoding=\"async\" src=\"https:\/\/sebras.com.br\/site\/wp-content\/plugins\/elementor\/assets\/images\/placeholder.png\" title=\"\" alt=\"\" loading=\"lazy\" \/>\t\t\t\t\t\t\t\t<\/a>\n\t\t\t\t\t\t\t\t\t\t\t\t\t\t\t<\/div>\n\t\t\t\t<\/div>\n\t\t\t\t\t<\/div>\n\t\t<\/div>\n\t\t\t\t<div class=\"elementor-column elementor-col-66 elementor-top-column elementor-element elementor-element-20557c4\" data-id=\"20557c4\" data-element_type=\"column\">\n\t\t\t<div class=\"elementor-widget-wrap elementor-element-populated\">\n\t\t\t\t\t\t<div class=\"elementor-element elementor-element-9c9e69e elementor-widget elementor-widget-text-editor\" data-id=\"9c9e69e\" data-element_type=\"widget\" data-widget_type=\"text-editor.default\">\n\t\t\t\t<div class=\"elementor-widget-container\">\n\t\t\t\t\t\t\t\t\t<p style=\"text-align: center;\"><span style=\"color: #000000;\"><strong>Suportam cargas de ventos intensas, dimensionadas de acordo com cada regi\u00e3o e aplica\u00e7\u00e3o como:<\/strong><\/span><br \/><span style=\"color: #000000;\">Fechamento de Hangares<\/span><br \/><span style=\"color: #000000;\">Cabines de pintura e jateamento<\/span><br \/><span style=\"color: #000000;\">Polo Naval e Estaleiros<\/span><br \/><span style=\"color: #000000;\">Minera\u00e7\u00e3o e Ind\u00fastrias pesadas<\/span><br \/><span style=\"color: #000000;\">Ind\u00fastrias Petrol\u00edferas<\/span><\/p>\t\t\t\t\t\t\t\t<\/div>\n\t\t\t\t<\/div>\n\t\t\t\t<div class=\"elementor-element elementor-element-b201701 elementor-align-center elementor-widget elementor-widget-button\" data-id=\"b201701\" data-element_type=\"widget\" data-widget_type=\"button.default\">\n\t\t\t\t<div class=\"elementor-widget-container\">\n\t\t\t\t\t\t\t\t\t<div class=\"elementor-button-wrapper\">\n\t\t\t\t\t<a class=\"elementor-button elementor-button-link elementor-size-sm\" href=\"http:\/\/sebrasnovo.sebras.com.br\/porta-gigante\/\" target=\"_blank\">\n\t\t\t\t\t\t<span class=\"elementor-button-content-wrapper\">\n\t\t\t\t\t\t\t\t\t<span class=\"elementor-button-text\">Saiba mais<\/span>\n\t\t\t\t\t<\/span>\n\t\t\t\t\t<\/a>\n\t\t\t\t<\/div>\n\t\t\t\t\t\t\t\t<\/div>\n\t\t\t\t<\/div>\n\t\t\t\t\t<\/div>\n\t\t<\/div>\n\t\t\t\t\t<\/div>\n\t\t<\/section>\n\t\t\t\t<section class=\"elementor-section elementor-top-section elementor-element elementor-element-9e8928c elementor-section-boxed elementor-section-height-default elementor-section-height-default\" data-id=\"9e8928c\" data-element_type=\"section\">\n\t\t\t\t\t\t<div class=\"elementor-container elementor-column-gap-default\">\n\t\t\t\t\t<div class=\"elementor-column elementor-col-100 elementor-top-column elementor-element elementor-element-84e0a9a\" data-id=\"84e0a9a\" data-element_type=\"column\">\n\t\t\t<div class=\"elementor-widget-wrap elementor-element-populated\">\n\t\t\t\t\t\t<div class=\"elementor-element elementor-element-0f0fd22 elementor-widget-divider--view-line elementor-widget elementor-widget-divider\" data-id=\"0f0fd22\" data-element_type=\"widget\" data-widget_type=\"divider.default\">\n\t\t\t\t<div class=\"elementor-widget-container\">\n\t\t\t\t\t\t\t<div class=\"elementor-divider\">\n\t\t\t<span class=\"elementor-divider-separator\">\n\t\t\t\t\t\t<\/span>\n\t\t<\/div>\n\t\t\t\t\t\t<\/div>\n\t\t\t\t<\/div>\n\t\t\t\t\t<\/div>\n\t\t<\/div>\n\t\t\t\t\t<\/div>\n\t\t<\/section>\n\t\t\t\t<section class=\"elementor-section elementor-top-section elementor-element elementor-element-4cef18e elementor-section-boxed elementor-section-height-default elementor-section-height-default\" data-id=\"4cef18e\" data-element_type=\"section\">\n\t\t\t\t\t\t<div class=\"elementor-container elementor-column-gap-default\">\n\t\t\t\t\t<div class=\"elementor-column elementor-col-100 elementor-top-column elementor-element elementor-element-7559289\" data-id=\"7559289\" data-element_type=\"column\">\n\t\t\t<div class=\"elementor-widget-wrap elementor-element-populated\">\n\t\t\t\t\t\t<div class=\"elementor-element elementor-element-f7c2679 elementor-widget elementor-widget-heading\" data-id=\"f7c2679\" data-element_type=\"widget\" data-widget_type=\"heading.default\">\n\t\t\t\t<div class=\"elementor-widget-container\">\n\t\t\t\t\t<h2 class=\"elementor-heading-title elementor-size-default\">SEGMENTOS E APLICA\u00c7\u00d5ES DAS PORTAS INDUSTRIAIS NO RIO DE JANEIRO<\/h2>\t\t\t\t<\/div>\n\t\t\t\t<\/div>\n\t\t\t\t\t<\/div>\n\t\t<\/div>\n\t\t\t\t\t<\/div>\n\t\t<\/section>\n\t\t\t\t<section class=\"elementor-section elementor-top-section elementor-element elementor-element-768ed2d elementor-section-boxed elementor-section-height-default elementor-section-height-default\" data-id=\"768ed2d\" data-element_type=\"section\">\n\t\t\t\t\t\t<div class=\"elementor-container elementor-column-gap-default\">\n\t\t\t\t\t<div class=\"elementor-column elementor-col-25 elementor-top-column elementor-element elementor-element-35350c7\" data-id=\"35350c7\" data-element_type=\"column\">\n\t\t\t<div class=\"elementor-widget-wrap elementor-element-populated\">\n\t\t\t\t\t\t<div class=\"elementor-element elementor-element-a27901c elementor-widget elementor-widget-heading\" data-id=\"a27901c\" data-element_type=\"widget\" data-widget_type=\"heading.default\">\n\t\t\t\t<div class=\"elementor-widget-container\">\n\t\t\t\t\t<h6 class=\"elementor-heading-title elementor-size-default\">AERON\u00c1UTICO<\/h6>\t\t\t\t<\/div>\n\t\t\t\t<\/div>\n\t\t\t\t<div class=\"elementor-element elementor-element-cec420b elementor-widget elementor-widget-image\" data-id=\"cec420b\" data-element_type=\"widget\" data-widget_type=\"image.default\">\n\t\t\t\t<div class=\"elementor-widget-container\">\n\t\t\t\t\t\t\t\t\t\t\t\t\t\t\t<img decoding=\"async\" src=\"https:\/\/sebras.com.br\/site\/wp-content\/plugins\/elementor\/assets\/images\/placeholder.png\" title=\"\" alt=\"\" loading=\"lazy\" \/>\t\t\t\t\t\t\t\t\t\t\t\t\t\t\t<\/div>\n\t\t\t\t<\/div>\n\t\t\t\t<div class=\"elementor-element elementor-element-452e0c5 elementor-widget elementor-widget-text-editor\" data-id=\"452e0c5\" data-element_type=\"widget\" data-widget_type=\"text-editor.default\">\n\t\t\t\t<div class=\"elementor-widget-container\">\n\t\t\t\t\t\t\t\t\t<p style=\"text-align: center;\"><span style=\"font-weight: 400; color: #000000;\">S\u00e3o utilizadas no fechamento de hangares, estaleiros, ind\u00fastrias do segmento petrol\u00edfero, implementos rodovi\u00e1rios e automotivos, fabricantes de cabines de jateamento e pintura, ind\u00fastrias pesadas e minera\u00e7\u00e3o.<\/span><\/p>\t\t\t\t\t\t\t\t<\/div>\n\t\t\t\t<\/div>\n\t\t\t\t\t<\/div>\n\t\t<\/div>\n\t\t\t\t<div class=\"elementor-column elementor-col-25 elementor-top-column elementor-element elementor-element-a7b8145\" data-id=\"a7b8145\" data-element_type=\"column\">\n\t\t\t<div class=\"elementor-widget-wrap elementor-element-populated\">\n\t\t\t\t\t\t<div class=\"elementor-element elementor-element-318dd7a elementor-widget elementor-widget-heading\" data-id=\"318dd7a\" data-element_type=\"widget\" data-widget_type=\"heading.default\">\n\t\t\t\t<div class=\"elementor-widget-container\">\n\t\t\t\t\t<h6 class=\"elementor-heading-title elementor-size-default\">AGROINDUSTRIAL<\/h6>\t\t\t\t<\/div>\n\t\t\t\t<\/div>\n\t\t\t\t<div class=\"elementor-element elementor-element-571d4b8 elementor-widget elementor-widget-image\" data-id=\"571d4b8\" data-element_type=\"widget\" data-widget_type=\"image.default\">\n\t\t\t\t<div class=\"elementor-widget-container\">\n\t\t\t\t\t\t\t\t\t\t\t\t\t\t\t<img decoding=\"async\" src=\"https:\/\/sebras.com.br\/site\/wp-content\/plugins\/elementor\/assets\/images\/placeholder.png\" title=\"\" alt=\"\" loading=\"lazy\" \/>\t\t\t\t\t\t\t\t\t\t\t\t\t\t\t<\/div>\n\t\t\t\t<\/div>\n\t\t\t\t<div class=\"elementor-element elementor-element-8e0925d elementor-widget elementor-widget-text-editor\" data-id=\"8e0925d\" data-element_type=\"widget\" data-widget_type=\"text-editor.default\">\n\t\t\t\t<div class=\"elementor-widget-container\">\n\t\t\t\t\t\t\t\t\t<p style=\"text-align: center;\"><span style=\"font-weight: 400; color: #000000;\">S\u00e3o muito utilizadas no setor agroindustrial pois proporcionam isolamento de armaz\u00e9ns de gr\u00e3os, f\u00e1brica de ra\u00e7\u00f5es, moegas e tombadores. \u00c9 uma excelente op\u00e7\u00e3o para isolamento de moegas, devido ao p\u00f3 que \u00e9 disperso na descarga de gr\u00e3os.<\/span><\/p>\t\t\t\t\t\t\t\t<\/div>\n\t\t\t\t<\/div>\n\t\t\t\t\t<\/div>\n\t\t<\/div>\n\t\t\t\t<div class=\"elementor-column elementor-col-25 elementor-top-column elementor-element elementor-element-4413113\" data-id=\"4413113\" data-element_type=\"column\">\n\t\t\t<div class=\"elementor-widget-wrap elementor-element-populated\">\n\t\t\t\t\t\t<div class=\"elementor-element elementor-element-7406d77 elementor-widget elementor-widget-heading\" data-id=\"7406d77\" data-element_type=\"widget\" data-widget_type=\"heading.default\">\n\t\t\t\t<div class=\"elementor-widget-container\">\n\t\t\t\t\t<h6 class=\"elementor-heading-title elementor-size-default\">ALIMENT\u00cdCIO<\/h6>\t\t\t\t<\/div>\n\t\t\t\t<\/div>\n\t\t\t\t<div class=\"elementor-element elementor-element-f1ef858 elementor-widget elementor-widget-image\" data-id=\"f1ef858\" data-element_type=\"widget\" data-widget_type=\"image.default\">\n\t\t\t\t<div class=\"elementor-widget-container\">\n\t\t\t\t\t\t\t\t\t\t\t\t\t\t\t<img decoding=\"async\" src=\"https:\/\/sebras.com.br\/site\/wp-content\/plugins\/elementor\/assets\/images\/placeholder.png\" title=\"\" alt=\"\" loading=\"lazy\" \/>\t\t\t\t\t\t\t\t\t\t\t\t\t\t\t<\/div>\n\t\t\t\t<\/div>\n\t\t\t\t<div class=\"elementor-element elementor-element-8d03f01 elementor-widget elementor-widget-text-editor\" data-id=\"8d03f01\" data-element_type=\"widget\" data-widget_type=\"text-editor.default\">\n\t\t\t\t<div class=\"elementor-widget-container\">\n\t\t\t\t\t\t\t\t\t<p style=\"text-align: center;\"><span style=\"font-weight: 400; color: #000000;\">Ideais para o fechamento e separa\u00e7\u00e3o dos setores, evitando assim a contamina\u00e7\u00e3o dos produtos e controle de baixas temperaturas at\u00e9 -35\u00b0C em antec\u00e2maras e c\u00e2maras frigor\u00edficas de estocagem.<\/span><\/p>\t\t\t\t\t\t\t\t<\/div>\n\t\t\t\t<\/div>\n\t\t\t\t\t<\/div>\n\t\t<\/div>\n\t\t\t\t<div class=\"elementor-column elementor-col-25 elementor-top-column elementor-element elementor-element-8cbd7fe\" data-id=\"8cbd7fe\" data-element_type=\"column\">\n\t\t\t<div class=\"elementor-widget-wrap elementor-element-populated\">\n\t\t\t\t\t\t<div class=\"elementor-element elementor-element-da53f7b elementor-widget elementor-widget-heading\" data-id=\"da53f7b\" data-element_type=\"widget\" data-widget_type=\"heading.default\">\n\t\t\t\t<div class=\"elementor-widget-container\">\n\t\t\t\t\t<h6 class=\"elementor-heading-title elementor-size-default\">AUTOMOTIVO<\/h6>\t\t\t\t<\/div>\n\t\t\t\t<\/div>\n\t\t\t\t<div class=\"elementor-element elementor-element-3fe1d4d elementor-widget elementor-widget-image\" data-id=\"3fe1d4d\" data-element_type=\"widget\" data-widget_type=\"image.default\">\n\t\t\t\t<div class=\"elementor-widget-container\">\n\t\t\t\t\t\t\t\t\t\t\t\t\t\t\t<img decoding=\"async\" src=\"https:\/\/sebras.com.br\/site\/wp-content\/plugins\/elementor\/assets\/images\/placeholder.png\" title=\"\" alt=\"\" loading=\"lazy\" \/>\t\t\t\t\t\t\t\t\t\t\t\t\t\t\t<\/div>\n\t\t\t\t<\/div>\n\t\t\t\t<div class=\"elementor-element elementor-element-acbcc89 elementor-widget elementor-widget-text-editor\" data-id=\"acbcc89\" data-element_type=\"widget\" data-widget_type=\"text-editor.default\">\n\t\t\t\t<div class=\"elementor-widget-container\">\n\t\t\t\t\t\t\t\t\t<p style=\"text-align: center;\"><span style=\"font-weight: 400; color: #000000;\">Para fechamento dos pr\u00e9dios produtivos, separa\u00e7\u00e3o de ambientes, controle de processos, controle de acesso e seguran\u00e7a operacional. Ex: Elevadores de carga, cabines de teste, cabines de pintura, entrada e sa\u00edda de material.<\/span><\/p>\t\t\t\t\t\t\t\t<\/div>\n\t\t\t\t<\/div>\n\t\t\t\t\t<\/div>\n\t\t<\/div>\n\t\t\t\t\t<\/div>\n\t\t<\/section>\n\t\t\t\t<section class=\"elementor-section elementor-top-section elementor-element elementor-element-2278f57 elementor-section-boxed elementor-section-height-default elementor-section-height-default\" data-id=\"2278f57\" data-element_type=\"section\">\n\t\t\t\t\t\t<div class=\"elementor-container elementor-column-gap-default\">\n\t\t\t\t\t<div class=\"elementor-column elementor-col-25 elementor-top-column elementor-element elementor-element-69d3f74\" data-id=\"69d3f74\" data-element_type=\"column\">\n\t\t\t<div class=\"elementor-widget-wrap elementor-element-populated\">\n\t\t\t\t\t\t<div class=\"elementor-element elementor-element-dcf2872 elementor-widget elementor-widget-heading\" data-id=\"dcf2872\" data-element_type=\"widget\" data-widget_type=\"heading.default\">\n\t\t\t\t<div class=\"elementor-widget-container\">\n\t\t\t\t\t<h6 class=\"elementor-heading-title elementor-size-default\">METALMEC\u00c2NICO<\/h6>\t\t\t\t<\/div>\n\t\t\t\t<\/div>\n\t\t\t\t<div class=\"elementor-element elementor-element-34bc050 elementor-widget elementor-widget-image\" data-id=\"34bc050\" data-element_type=\"widget\" data-widget_type=\"image.default\">\n\t\t\t\t<div class=\"elementor-widget-container\">\n\t\t\t\t\t\t\t\t\t\t\t\t\t\t\t<img decoding=\"async\" src=\"https:\/\/sebras.com.br\/site\/wp-content\/plugins\/elementor\/assets\/images\/placeholder.png\" title=\"\" alt=\"\" loading=\"lazy\" \/>\t\t\t\t\t\t\t\t\t\t\t\t\t\t\t<\/div>\n\t\t\t\t<\/div>\n\t\t\t\t<div class=\"elementor-element elementor-element-ca1df84 elementor-widget elementor-widget-text-editor\" data-id=\"ca1df84\" data-element_type=\"widget\" data-widget_type=\"text-editor.default\">\n\t\t\t\t<div class=\"elementor-widget-container\">\n\t\t\t\t\t\t\t\t\t<p style=\"text-align: center;\"><span style=\"color: #000000;\">Para fechamento dos pr\u00e9dios produtivos, separa\u00e7\u00e3o de ambientes, enclausuramento de processos e m\u00e1quinas, controle de acesso e seguran\u00e7a operacional. Ex: Cabines de jato de granalha, cabines de pintura e cabines de solda.<\/span><\/p>\t\t\t\t\t\t\t\t<\/div>\n\t\t\t\t<\/div>\n\t\t\t\t\t<\/div>\n\t\t<\/div>\n\t\t\t\t<div class=\"elementor-column elementor-col-25 elementor-top-column elementor-element elementor-element-131d15d\" data-id=\"131d15d\" data-element_type=\"column\">\n\t\t\t<div class=\"elementor-widget-wrap elementor-element-populated\">\n\t\t\t\t\t\t<div class=\"elementor-element elementor-element-bce83cc elementor-widget elementor-widget-heading\" data-id=\"bce83cc\" data-element_type=\"widget\" data-widget_type=\"heading.default\">\n\t\t\t\t<div class=\"elementor-widget-container\">\n\t\t\t\t\t<h6 class=\"elementor-heading-title elementor-size-default\">ELETR\u00d4NICO<\/h6>\t\t\t\t<\/div>\n\t\t\t\t<\/div>\n\t\t\t\t<div class=\"elementor-element elementor-element-b36ca23 elementor-widget elementor-widget-image\" data-id=\"b36ca23\" data-element_type=\"widget\" data-widget_type=\"image.default\">\n\t\t\t\t<div class=\"elementor-widget-container\">\n\t\t\t\t\t\t\t\t\t\t\t\t\t\t\t<img decoding=\"async\" src=\"https:\/\/sebras.com.br\/site\/wp-content\/plugins\/elementor\/assets\/images\/placeholder.png\" title=\"\" alt=\"\" loading=\"lazy\" \/>\t\t\t\t\t\t\t\t\t\t\t\t\t\t\t<\/div>\n\t\t\t\t<\/div>\n\t\t\t\t<div class=\"elementor-element elementor-element-baca2b6 elementor-widget elementor-widget-text-editor\" data-id=\"baca2b6\" data-element_type=\"widget\" data-widget_type=\"text-editor.default\">\n\t\t\t\t<div class=\"elementor-widget-container\">\n\t\t\t\t\t\t\t\t\t<p style=\"text-align: center;\"><span style=\"font-weight: 400; color: #000000;\">S\u00e3o ideais para evitar a contamina\u00e7\u00e3o dos componentes eletr\u00f4nicos como poeira, umidade. Assim dessa forma reduz eventuais problemas de qualidade dos produtos. Tamb\u00e9m contribui para ambientes climatizados evitando o desperd\u00edcio de energia el\u00e9trica e melhorando a efici\u00eancia do sistema.<\/span><\/p>\t\t\t\t\t\t\t\t<\/div>\n\t\t\t\t<\/div>\n\t\t\t\t\t<\/div>\n\t\t<\/div>\n\t\t\t\t<div class=\"elementor-column elementor-col-25 elementor-top-column elementor-element elementor-element-e6094dd\" data-id=\"e6094dd\" data-element_type=\"column\">\n\t\t\t<div class=\"elementor-widget-wrap elementor-element-populated\">\n\t\t\t\t\t\t<div class=\"elementor-element elementor-element-48aa682 elementor-widget elementor-widget-heading\" data-id=\"48aa682\" data-element_type=\"widget\" data-widget_type=\"heading.default\">\n\t\t\t\t<div class=\"elementor-widget-container\">\n\t\t\t\t\t<h6 class=\"elementor-heading-title elementor-size-default\">EMBALAGEM<\/h6>\t\t\t\t<\/div>\n\t\t\t\t<\/div>\n\t\t\t\t<div class=\"elementor-element elementor-element-aff8b20 elementor-widget elementor-widget-image\" data-id=\"aff8b20\" data-element_type=\"widget\" data-widget_type=\"image.default\">\n\t\t\t\t<div class=\"elementor-widget-container\">\n\t\t\t\t\t\t\t\t\t\t\t\t\t\t\t<img decoding=\"async\" src=\"https:\/\/sebras.com.br\/site\/wp-content\/plugins\/elementor\/assets\/images\/placeholder.png\" title=\"\" alt=\"\" loading=\"lazy\" \/>\t\t\t\t\t\t\t\t\t\t\t\t\t\t\t<\/div>\n\t\t\t\t<\/div>\n\t\t\t\t<div class=\"elementor-element elementor-element-3336f5a elementor-widget elementor-widget-text-editor\" data-id=\"3336f5a\" data-element_type=\"widget\" data-widget_type=\"text-editor.default\">\n\t\t\t\t<div class=\"elementor-widget-container\">\n\t\t\t\t\t\t\t\t\t<p style=\"text-align: center;\"><span style=\"font-weight: 400; color: #000000;\">S\u00e3o ideais para o fechamento das f\u00e1bricas e separa\u00e7\u00e3o de ambientes para evitar a entrada de insetos e intemp\u00e9ries. Portas R\u00e1pidas se tornam um item fundamental, devido aos benef\u00edcios que elas proporcionam em setores com controles r\u00edgidos de qualidade.<\/span><\/p>\t\t\t\t\t\t\t\t<\/div>\n\t\t\t\t<\/div>\n\t\t\t\t\t<\/div>\n\t\t<\/div>\n\t\t\t\t<div class=\"elementor-column elementor-col-25 elementor-top-column elementor-element elementor-element-4b023ba\" data-id=\"4b023ba\" data-element_type=\"column\">\n\t\t\t<div class=\"elementor-widget-wrap elementor-element-populated\">\n\t\t\t\t\t\t<div class=\"elementor-element elementor-element-0f0798e elementor-widget elementor-widget-heading\" data-id=\"0f0798e\" data-element_type=\"widget\" data-widget_type=\"heading.default\">\n\t\t\t\t<div class=\"elementor-widget-container\">\n\t\t\t\t\t<h6 class=\"elementor-heading-title elementor-size-default\">FARMAC\u00caUTICO<\/h6>\t\t\t\t<\/div>\n\t\t\t\t<\/div>\n\t\t\t\t<div class=\"elementor-element elementor-element-32b23ae elementor-widget elementor-widget-image\" data-id=\"32b23ae\" data-element_type=\"widget\" data-widget_type=\"image.default\">\n\t\t\t\t<div class=\"elementor-widget-container\">\n\t\t\t\t\t\t\t\t\t\t\t\t\t\t\t<img decoding=\"async\" src=\"https:\/\/sebras.com.br\/site\/wp-content\/plugins\/elementor\/assets\/images\/placeholder.png\" title=\"\" alt=\"\" loading=\"lazy\" \/>\t\t\t\t\t\t\t\t\t\t\t\t\t\t\t<\/div>\n\t\t\t\t<\/div>\n\t\t\t\t<div class=\"elementor-element elementor-element-f0b99f9 elementor-widget elementor-widget-text-editor\" data-id=\"f0b99f9\" data-element_type=\"widget\" data-widget_type=\"text-editor.default\">\n\t\t\t\t<div class=\"elementor-widget-container\">\n\t\t\t\t\t\t\t\t\t<p style=\"text-align: center;\"><span style=\"font-weight: 400; color: #000000;\"> Isolar os ambientes de produ\u00e7\u00e3o evitando a contamina\u00e7\u00e3o dos produtos por qualquer tipo de agente poluidor, como insetos, poeira e bact\u00e9rias. As salas limpas como s\u00e3o chamadas, exigem extremo isolamento do ambiente devido ao controle de higieniza\u00e7\u00e3o.<\/span><\/p>\t\t\t\t\t\t\t\t<\/div>\n\t\t\t\t<\/div>\n\t\t\t\t\t<\/div>\n\t\t<\/div>\n\t\t\t\t\t<\/div>\n\t\t<\/section>\n\t\t\t\t<section class=\"elementor-section elementor-top-section elementor-element elementor-element-8621026 elementor-section-boxed elementor-section-height-default elementor-section-height-default\" data-id=\"8621026\" data-element_type=\"section\">\n\t\t\t\t\t\t<div class=\"elementor-container elementor-column-gap-default\">\n\t\t\t\t\t<div class=\"elementor-column elementor-col-25 elementor-top-column elementor-element elementor-element-cce63de\" data-id=\"cce63de\" data-element_type=\"column\">\n\t\t\t<div class=\"elementor-widget-wrap elementor-element-populated\">\n\t\t\t\t\t\t<div class=\"elementor-element elementor-element-85042b9 elementor-widget elementor-widget-heading\" data-id=\"85042b9\" data-element_type=\"widget\" data-widget_type=\"heading.default\">\n\t\t\t\t<div class=\"elementor-widget-container\">\n\t\t\t\t\t<h6 class=\"elementor-heading-title elementor-size-default\">HIGIENE E LIMPEZA<\/h6>\t\t\t\t<\/div>\n\t\t\t\t<\/div>\n\t\t\t\t<div class=\"elementor-element elementor-element-97a7e9b elementor-widget elementor-widget-image\" data-id=\"97a7e9b\" data-element_type=\"widget\" data-widget_type=\"image.default\">\n\t\t\t\t<div class=\"elementor-widget-container\">\n\t\t\t\t\t\t\t\t\t\t\t\t\t\t\t<img decoding=\"async\" src=\"https:\/\/sebras.com.br\/site\/wp-content\/plugins\/elementor\/assets\/images\/placeholder.png\" title=\"\" alt=\"\" loading=\"lazy\" \/>\t\t\t\t\t\t\t\t\t\t\t\t\t\t\t<\/div>\n\t\t\t\t<\/div>\n\t\t\t\t<div class=\"elementor-element elementor-element-ed4c49f elementor-widget elementor-widget-text-editor\" data-id=\"ed4c49f\" data-element_type=\"widget\" data-widget_type=\"text-editor.default\">\n\t\t\t\t<div class=\"elementor-widget-container\">\n\t\t\t\t\t\t\t\t\t<p style=\"text-align: center;\"><span style=\"font-weight: 400; color: #000000;\">Para isolamento dos ambientes de produ\u00e7\u00e3o evitando a contamina\u00e7\u00e3o dos produtos contra insetos e poeiras, como fraldas, absorventes, entre outros.<\/span><\/p>\t\t\t\t\t\t\t\t<\/div>\n\t\t\t\t<\/div>\n\t\t\t\t\t<\/div>\n\t\t<\/div>\n\t\t\t\t<div class=\"elementor-column elementor-col-25 elementor-top-column elementor-element elementor-element-02c04ef\" data-id=\"02c04ef\" data-element_type=\"column\">\n\t\t\t<div class=\"elementor-widget-wrap elementor-element-populated\">\n\t\t\t\t\t\t<div class=\"elementor-element elementor-element-eeb3da0 elementor-widget elementor-widget-heading\" data-id=\"eeb3da0\" data-element_type=\"widget\" data-widget_type=\"heading.default\">\n\t\t\t\t<div class=\"elementor-widget-container\">\n\t\t\t\t\t<h6 class=\"elementor-heading-title elementor-size-default\">LOG\u00cdSTICO<\/h6>\t\t\t\t<\/div>\n\t\t\t\t<\/div>\n\t\t\t\t<div class=\"elementor-element elementor-element-a1b19c9 elementor-widget elementor-widget-image\" data-id=\"a1b19c9\" data-element_type=\"widget\" data-widget_type=\"image.default\">\n\t\t\t\t<div class=\"elementor-widget-container\">\n\t\t\t\t\t\t\t\t\t\t\t\t\t\t\t<img decoding=\"async\" src=\"https:\/\/sebras.com.br\/site\/wp-content\/plugins\/elementor\/assets\/images\/placeholder.png\" title=\"\" alt=\"\" loading=\"lazy\" \/>\t\t\t\t\t\t\t\t\t\t\t\t\t\t\t<\/div>\n\t\t\t\t<\/div>\n\t\t\t\t<div class=\"elementor-element elementor-element-5a444a2 elementor-widget elementor-widget-text-editor\" data-id=\"5a444a2\" data-element_type=\"widget\" data-widget_type=\"text-editor.default\">\n\t\t\t\t<div class=\"elementor-widget-container\">\n\t\t\t\t\t\t\t\t\t<p style=\"text-align: center;\"><span style=\"font-weight: 400; color: #000000;\">Para docas de carregamento, separa\u00e7\u00e3o de ambientes e controle de temperatura em c\u00e2maras de estocagem.<\/span><\/p>\t\t\t\t\t\t\t\t<\/div>\n\t\t\t\t<\/div>\n\t\t\t\t\t<\/div>\n\t\t<\/div>\n\t\t\t\t<div class=\"elementor-column elementor-col-25 elementor-top-column elementor-element elementor-element-e694e03\" data-id=\"e694e03\" data-element_type=\"column\">\n\t\t\t<div class=\"elementor-widget-wrap elementor-element-populated\">\n\t\t\t\t\t\t<div class=\"elementor-element elementor-element-935dd85 elementor-widget elementor-widget-heading\" data-id=\"935dd85\" data-element_type=\"widget\" data-widget_type=\"heading.default\">\n\t\t\t\t<div class=\"elementor-widget-container\">\n\t\t\t\t\t<h6 class=\"elementor-heading-title elementor-size-default\">SIDERURGIA<\/h6>\t\t\t\t<\/div>\n\t\t\t\t<\/div>\n\t\t\t\t<div class=\"elementor-element elementor-element-afa037b elementor-widget elementor-widget-image\" data-id=\"afa037b\" data-element_type=\"widget\" data-widget_type=\"image.default\">\n\t\t\t\t<div class=\"elementor-widget-container\">\n\t\t\t\t\t\t\t\t\t\t\t\t\t\t\t<img decoding=\"async\" src=\"https:\/\/sebras.com.br\/site\/wp-content\/plugins\/elementor\/assets\/images\/placeholder.png\" title=\"\" alt=\"\" loading=\"lazy\" \/>\t\t\t\t\t\t\t\t\t\t\t\t\t\t\t<\/div>\n\t\t\t\t<\/div>\n\t\t\t\t<div class=\"elementor-element elementor-element-c42b01f elementor-widget elementor-widget-text-editor\" data-id=\"c42b01f\" data-element_type=\"widget\" data-widget_type=\"text-editor.default\">\n\t\t\t\t<div class=\"elementor-widget-container\">\n\t\t\t\t\t\t\t\t\t<p style=\"text-align: center;\"><span style=\"color: #000000;\">Melhoram as condi\u00e7\u00f5es de limpeza e agilidade nos processos produtivos que possuem tr\u00e1fego cont\u00ednuo de pessoas e empilhadeiras.<\/span><\/p>\t\t\t\t\t\t\t\t<\/div>\n\t\t\t\t<\/div>\n\t\t\t\t\t<\/div>\n\t\t<\/div>\n\t\t\t\t<div class=\"elementor-column elementor-col-25 elementor-top-column elementor-element elementor-element-3ded0aa\" data-id=\"3ded0aa\" data-element_type=\"column\">\n\t\t\t<div class=\"elementor-widget-wrap elementor-element-populated\">\n\t\t\t\t\t\t<div class=\"elementor-element elementor-element-0691c3f elementor-widget elementor-widget-heading\" data-id=\"0691c3f\" data-element_type=\"widget\" data-widget_type=\"heading.default\">\n\t\t\t\t<div class=\"elementor-widget-container\">\n\t\t\t\t\t<h6 class=\"elementor-heading-title elementor-size-default\">MINERA\u00c7\u00c3O<\/h6>\t\t\t\t<\/div>\n\t\t\t\t<\/div>\n\t\t\t\t<div class=\"elementor-element elementor-element-6eb46aa elementor-widget elementor-widget-image\" data-id=\"6eb46aa\" data-element_type=\"widget\" data-widget_type=\"image.default\">\n\t\t\t\t<div class=\"elementor-widget-container\">\n\t\t\t\t\t\t\t\t\t\t\t\t\t\t\t<img decoding=\"async\" src=\"https:\/\/sebras.com.br\/site\/wp-content\/plugins\/elementor\/assets\/images\/placeholder.png\" title=\"\" alt=\"\" loading=\"lazy\" \/>\t\t\t\t\t\t\t\t\t\t\t\t\t\t\t<\/div>\n\t\t\t\t<\/div>\n\t\t\t\t<div class=\"elementor-element elementor-element-e3df4d1 elementor-widget elementor-widget-text-editor\" data-id=\"e3df4d1\" data-element_type=\"widget\" data-widget_type=\"text-editor.default\">\n\t\t\t\t<div class=\"elementor-widget-container\">\n\t\t\t\t\t\t\t\t\t<p style=\"text-align: center;\"><span style=\"color: #000000;\">S\u00e3o ideais para fechamento de galerias subterr\u00e2neas, pois proporciona uma otimiza\u00e7\u00e3o dos sistemas de exaust\u00e3o e ventila\u00e7\u00e3o dos t\u00faneis.<\/span><\/p>\t\t\t\t\t\t\t\t<\/div>\n\t\t\t\t<\/div>\n\t\t\t\t\t<\/div>\n\t\t<\/div>\n\t\t\t\t\t<\/div>\n\t\t<\/section>\n\t\t\t\t<section class=\"elementor-section elementor-top-section elementor-element elementor-element-fdc016d elementor-section-boxed elementor-section-height-default elementor-section-height-default\" data-id=\"fdc016d\" data-element_type=\"section\">\n\t\t\t\t\t\t<div class=\"elementor-container elementor-column-gap-default\">\n\t\t\t\t\t<div class=\"elementor-column elementor-col-100 elementor-top-column elementor-element elementor-element-1406643\" data-id=\"1406643\" data-element_type=\"column\">\n\t\t\t<div class=\"elementor-widget-wrap elementor-element-populated\">\n\t\t\t\t\t\t<div class=\"elementor-element elementor-element-6b59b10 elementor-widget-divider--view-line elementor-widget elementor-widget-divider\" data-id=\"6b59b10\" data-element_type=\"widget\" data-widget_type=\"divider.default\">\n\t\t\t\t<div class=\"elementor-widget-container\">\n\t\t\t\t\t\t\t<div class=\"elementor-divider\">\n\t\t\t<span class=\"elementor-divider-separator\">\n\t\t\t\t\t\t<\/span>\n\t\t<\/div>\n\t\t\t\t\t\t<\/div>\n\t\t\t\t<\/div>\n\t\t\t\t<div class=\"elementor-element elementor-element-d81f374 elementor-widget elementor-widget-text-editor\" data-id=\"d81f374\" data-element_type=\"widget\" data-widget_type=\"text-editor.default\">\n\t\t\t\t<div class=\"elementor-widget-container\">\n\t\t\t\t\t\t\t\t\t<h6 style=\"text-align: center;\"><strong>A\u00a0<span style=\"color: #ff0000;\">SEBRAS Portas R\u00e1pidas<\/span>\u00a0\u00e9 o parceiro ideal se voc\u00ea quer levar inova\u00e7\u00e3o e tecnologia para a sua empresa. O foco dos nossos produtos e servi\u00e7os \u00e9 garantir limpeza, controle de temperatura, seguran\u00e7a para os seus trabalhadores e agilidade para os seus processos produtivos com a mais alta qualidade. Contamos com 15 anos no mercado, com uma grande experi\u00eancia no desenvolvimento de portas r\u00e1pidas, robustas, seguras e de f\u00e1cil manuseio.<\/strong><\/h6>\t\t\t\t\t\t\t\t<\/div>\n\t\t\t\t<\/div>\n\t\t\t\t\t<\/div>\n\t\t<\/div>\n\t\t\t\t\t<\/div>\n\t\t<\/section>\n\t\t\t\t<section class=\"elementor-section elementor-top-section elementor-element elementor-element-8095a19 elementor-section-boxed elementor-section-height-default elementor-section-height-default\" data-id=\"8095a19\" data-element_type=\"section\">\n\t\t\t\t\t\t<div class=\"elementor-container elementor-column-gap-default\">\n\t\t\t\t\t<div class=\"elementor-column elementor-col-100 elementor-top-column elementor-element elementor-element-18a3245\" data-id=\"18a3245\" data-element_type=\"column\">\n\t\t\t<div class=\"elementor-widget-wrap elementor-element-populated\">\n\t\t\t\t\t\t<div class=\"elementor-element elementor-element-8d9a1e2 elementor-widget elementor-widget-text-editor\" data-id=\"8d9a1e2\" data-element_type=\"widget\" data-widget_type=\"text-editor.default\">\n\t\t\t\t<div class=\"elementor-widget-container\">\n\t\t\t\t\t\t\t\t\t<h5 style=\"text-align: center;\"><span style=\"color: #ff0000;\"><strong>Est\u00e1 precisando de portas industriais no Rio de Janeiro para a sua empresa?<\/strong><\/span><\/h5><h6 style=\"text-align: center;\"><strong>Basta entrar em contato conosco atrav\u00e9s de algum dos nossos canais de atendimento abaixo. Nossa equipe de vendas est\u00e1 pronta para tirar suas d\u00favidas!<\/strong><\/h6>\t\t\t\t\t\t\t\t<\/div>\n\t\t\t\t<\/div>\n\t\t\t\t\t<\/div>\n\t\t<\/div>\n\t\t\t\t\t<\/div>\n\t\t<\/section>\n\t\t\t\t<section class=\"elementor-section elementor-top-section elementor-element elementor-element-0b62637 elementor-section-boxed elementor-section-height-default elementor-section-height-default\" data-id=\"0b62637\" data-element_type=\"section\">\n\t\t\t\t\t\t<div class=\"elementor-container elementor-column-gap-default\">\n\t\t\t\t\t<div class=\"elementor-column elementor-col-33 elementor-top-column elementor-element elementor-element-6cc4914\" data-id=\"6cc4914\" data-element_type=\"column\">\n\t\t\t<div class=\"elementor-widget-wrap elementor-element-populated\">\n\t\t\t\t\t\t<div class=\"elementor-element elementor-element-8755d5c elementor-widget elementor-widget-image\" data-id=\"8755d5c\" data-element_type=\"widget\" data-widget_type=\"image.default\">\n\t\t\t\t<div class=\"elementor-widget-container\">\n\t\t\t\t\t\t\t\t\t\t\t\t\t\t\t\t<a href=\"https:\/\/wa.me\/5551995560599\" target=\"_blank\">\n\t\t\t\t\t\t\t<img decoding=\"async\" src=\"https:\/\/sebras.com.br\/site\/wp-content\/plugins\/elementor\/assets\/images\/placeholder.png\" title=\"\" alt=\"\" loading=\"lazy\" \/>\t\t\t\t\t\t\t\t<\/a>\n\t\t\t\t\t\t\t\t\t\t\t\t\t\t\t<\/div>\n\t\t\t\t<\/div>\n\t\t\t\t<div class=\"elementor-element elementor-element-889f9ac elementor-align-center elementor-widget elementor-widget-button\" data-id=\"889f9ac\" data-element_type=\"widget\" data-widget_type=\"button.default\">\n\t\t\t\t<div class=\"elementor-widget-container\">\n\t\t\t\t\t\t\t\t\t<div class=\"elementor-button-wrapper\">\n\t\t\t\t\t<a class=\"elementor-button elementor-button-link elementor-size-sm\" href=\"https:\/\/wa.me\/5551995560599\" target=\"_blank\">\n\t\t\t\t\t\t<span class=\"elementor-button-content-wrapper\">\n\t\t\t\t\t\t\t\t\t<span class=\"elementor-button-text\">(51) 995 560 599<\/span>\n\t\t\t\t\t<\/span>\n\t\t\t\t\t<\/a>\n\t\t\t\t<\/div>\n\t\t\t\t\t\t\t\t<\/div>\n\t\t\t\t<\/div>\n\t\t\t\t<div class=\"elementor-element elementor-element-1495b43 elementor-widget-divider--view-line elementor-widget elementor-widget-divider\" data-id=\"1495b43\" data-element_type=\"widget\" data-widget_type=\"divider.default\">\n\t\t\t\t<div class=\"elementor-widget-container\">\n\t\t\t\t\t\t\t<div class=\"elementor-divider\">\n\t\t\t<span class=\"elementor-divider-separator\">\n\t\t\t\t\t\t<\/span>\n\t\t<\/div>\n\t\t\t\t\t\t<\/div>\n\t\t\t\t<\/div>\n\t\t\t\t\t<\/div>\n\t\t<\/div>\n\t\t\t\t<div class=\"elementor-column elementor-col-33 elementor-top-column elementor-element elementor-element-1f3b7d0\" data-id=\"1f3b7d0\" data-element_type=\"column\">\n\t\t\t<div class=\"elementor-widget-wrap elementor-element-populated\">\n\t\t\t\t\t\t<div class=\"elementor-element elementor-element-2516ba5 elementor-widget elementor-widget-image\" data-id=\"2516ba5\" data-element_type=\"widget\" data-widget_type=\"image.default\">\n\t\t\t\t<div class=\"elementor-widget-container\">\n\t\t\t\t\t\t\t\t\t\t\t\t\t\t\t\t<a href=\"http:\/\/sebrasnovo.sebras.com.br\/orcamento\/\" target=\"_blank\">\n\t\t\t\t\t\t\t<img decoding=\"async\" src=\"https:\/\/sebras.com.br\/site\/wp-content\/plugins\/elementor\/assets\/images\/placeholder.png\" title=\"\" alt=\"\" loading=\"lazy\" \/>\t\t\t\t\t\t\t\t<\/a>\n\t\t\t\t\t\t\t\t\t\t\t\t\t\t\t<\/div>\n\t\t\t\t<\/div>\n\t\t\t\t<div class=\"elementor-element elementor-element-8f04b76 elementor-align-center elementor-widget elementor-widget-button\" data-id=\"8f04b76\" data-element_type=\"widget\" data-widget_type=\"button.default\">\n\t\t\t\t<div class=\"elementor-widget-container\">\n\t\t\t\t\t\t\t\t\t<div class=\"elementor-button-wrapper\">\n\t\t\t\t\t<a class=\"elementor-button elementor-button-link elementor-size-sm\" href=\"http:\/\/sebrasnovo.sebras.com.br\/orcamento\/\" target=\"_blank\">\n\t\t\t\t\t\t<span class=\"elementor-button-content-wrapper\">\n\t\t\t\t\t\t\t\t\t<span class=\"elementor-button-text\">SOLICITE OR\u00c7AMENTO<\/span>\n\t\t\t\t\t<\/span>\n\t\t\t\t\t<\/a>\n\t\t\t\t<\/div>\n\t\t\t\t\t\t\t\t<\/div>\n\t\t\t\t<\/div>\n\t\t\t\t<div class=\"elementor-element elementor-element-a244d21 elementor-widget-divider--view-line elementor-widget elementor-widget-divider\" data-id=\"a244d21\" data-element_type=\"widget\" data-widget_type=\"divider.default\">\n\t\t\t\t<div class=\"elementor-widget-container\">\n\t\t\t\t\t\t\t<div class=\"elementor-divider\">\n\t\t\t<span class=\"elementor-divider-separator\">\n\t\t\t\t\t\t<\/span>\n\t\t<\/div>\n\t\t\t\t\t\t<\/div>\n\t\t\t\t<\/div>\n\t\t\t\t\t<\/div>\n\t\t<\/div>\n\t\t\t\t<div class=\"elementor-column elementor-col-33 elementor-top-column elementor-element elementor-element-2e44320\" data-id=\"2e44320\" data-element_type=\"column\">\n\t\t\t<div class=\"elementor-widget-wrap\">\n\t\t\t\t\t\t\t<\/div>\n\t\t<\/div>\n\t\t\t\t\t<\/div>\n\t\t<\/section>\n\t\t\t\t<\/div>","protected":false},"excerpt":{"rendered":"<p>Est\u00e1 precisando de portas industriais no Rio de Janeiro &#8211; RJ e tem d\u00favidas sobre qual modelo \u00e9 o mais apropriado para o seu ambiente? Nesse conte\u00fado vamos apresentar os nossos modelos de portas industriais e como s\u00e3o as suas mais diversas aplica\u00e7\u00f5es. As Portas Industriais no Rio de Janeiro &#8211; RJ est\u00e3o se tornando [&hellip;]<\/p>\n","protected":false},"featured_media":0,"parent":0,"template":"","meta":{"_acf_changed":false},"categoria-do-blog":[27],"class_list":["post-3080","blog","type-blog","status-publish","hentry","categoria-do-blog-noticia"],"acf":[],"_links":{"self":[{"href":"https:\/\/sebras.com.br\/es\/wp-json\/wp\/v2\/blog\/3080","targetHints":{"allow":["GET"]}}],"collection":[{"href":"https:\/\/sebras.com.br\/es\/wp-json\/wp\/v2\/blog"}],"about":[{"href":"https:\/\/sebras.com.br\/es\/wp-json\/wp\/v2\/types\/blog"}],"version-history":[{"count":7,"href":"https:\/\/sebras.com.br\/es\/wp-json\/wp\/v2\/blog\/3080\/revisions"}],"predecessor-version":[{"id":3092,"href":"https:\/\/sebras.com.br\/es\/wp-json\/wp\/v2\/blog\/3080\/revisions\/3092"}],"wp:attachment":[{"href":"https:\/\/sebras.com.br\/es\/wp-json\/wp\/v2\/media?parent=3080"}],"wp:term":[{"taxonomy":"categoria-do-blog","embeddable":true,"href":"https:\/\/sebras.com.br\/es\/wp-json\/wp\/v2\/categoria-do-blog?post=3080"}],"curies":[{"name":"wp","href":"https:\/\/api.w.org\/{rel}","templated":true}]}}