{"id":3355,"date":"2016-09-20T11:39:20","date_gmt":"2016-09-20T14:39:20","guid":{"rendered":"https:\/\/sebras.com.br\/site\/?post_type=blog&#038;p=3355"},"modified":"2025-06-18T10:46:37","modified_gmt":"2025-06-18T13:46:37","slug":"sebras-comemora-participacao-na-feira-mercoagro-2016","status":"publish","type":"blog","link":"https:\/\/sebras.com.br\/en\/blog\/sebras-comemora-participacao-na-feira-mercoagro-2016\/","title":{"rendered":"SEBRAS comemora participa\u00e7\u00e3o na Feira Mercoagro 2016"},"content":{"rendered":"<div data-elementor-type=\"wp-post\" data-elementor-id=\"3355\" class=\"elementor elementor-3355\" data-elementor-post-type=\"blog\">\n\t\t\t\t\t\t<section class=\"elementor-section elementor-top-section elementor-element elementor-element-dddae4f elementor-section-boxed elementor-section-height-default elementor-section-height-default\" data-id=\"dddae4f\" data-element_type=\"section\">\n\t\t\t\t\t\t<div class=\"elementor-container elementor-column-gap-default\">\n\t\t\t\t\t<div class=\"elementor-column elementor-col-100 elementor-top-column elementor-element elementor-element-18a205a\" data-id=\"18a205a\" data-element_type=\"column\">\n\t\t\t<div class=\"elementor-widget-wrap elementor-element-populated\">\n\t\t\t\t\t\t<div class=\"elementor-element elementor-element-cedda41 elementor-widget elementor-widget-text-editor\" data-id=\"cedda41\" data-element_type=\"widget\" data-widget_type=\"text-editor.default\">\n\t\t\t\t<div class=\"elementor-widget-container\">\n\t\t\t\t\t\t\t\t\tA Feira Mercoagro 2016 foi realizada do dia\u00a013 a 16\/09, na cidade de Chapec\u00f3 &#8211; SC. Esta \u00e9 a primeira\u00a0edi\u00e7\u00e3o em que a SEBRAS participa como expositora.\u00a0Com estande localizado no Pavilh\u00e3o Amarelo &#8211;\u00a0N\u00ba 903, a SEBRAS recebeu clientes de todo o Brasil, realizou contatos importantes, sess\u00f5es de neg\u00f3cios e novas oportunidades levantadas.\r\n<p style=\"text-align: justify;\">Os visitantes tiveram a oportunidade de conhecer as portas r\u00e1pidas autom\u00e1ticas de SEBRAS de pertinho e saber mais sobre\u00a0seu funcionamento e testar seus itens de seguran\u00e7a.<\/p>\r\n\r\n<h5 style=\"text-align: center;\"><span style=\"color: #a80000;\"><strong>Porta R\u00e1pidas que foram apresentadas na Feira Mercoagro 2016<\/strong><\/span><\/h5>\r\n<p style=\"text-align: justify;\"><span style=\"color: #a80000;\"><a style=\"color: #a80000;\" href=\"http:\/\/sebrasnovo.sebras.com.br\/previa\/porta-open-fast\/\"><strong>Porta R\u00e1pida Open Fast<\/strong><\/a><\/span>\u00a0&#8211; Indicada para locais com tr\u00e1fego cont\u00ednuo de entrada e sa\u00edda de cargas, e que necessitam manter as condi\u00e7\u00f5es de higieniza\u00e7\u00e3o e temperatura desse ambiente, sem afetar nos processos produtivos. Fabricadas at\u00e9 20m x 10m (maiores consultar), suporta ventos de at\u00e9 105 km\/h com abertura r\u00e1pida. As Portas R\u00e1pidas Sanfonadas s\u00e3o indicadas para uso externo e para divis\u00f5es de ambientes internos acima de 4m de largura. Possuem capacidade de 1000 ciclos di\u00e1rios, velocidade de abertura de 1m\/s e temperatura de trabalho \u00a0de 0 a 60 \u00baC.<\/p>\r\n<p style=\"text-align: justify;\"><span style=\"color: #a80000;\"><a style=\"color: #a80000;\" href=\"http:\/\/sebrasnovo.sebras.com.br\/previa\/porta-open-fast-cold\/\"><strong>Porta R\u00e1pida Frigor\u00edfica Open Fast Cold<\/strong><\/a><\/span>\u00a0&#8211;\u00a0S\u00e3o ideais para c\u00e2maras e ante c\u00e2maras frigor\u00edficas com temperaturas de at\u00e9 -35\u00b0C. Fabricadas at\u00e9 3m x 6m (maiores consultar), sua posi\u00e7\u00e3o de instala\u00e7\u00e3o pode ser na c\u00e2mara interna ou externa.<\/p>\r\n<p style=\"text-align: justify;\">Ambas as portas com estrutura autoportante em a\u00e7o carbono com pintura eletrost\u00e1tica a p\u00f3, lona vin\u00edlica com poli\u00e9ster de alta tenacidade anti desgarrante, sensores de seguran\u00e7a anti esmagamento IP69 e painel de comando eletromec\u00e2nico com CLP NR-10 podendo haver como opcional variador de velocidade.<\/p>\r\n\r\n<p style=\"text-align: justify;\">Os visitantes puderam tirar suas d\u00favidas com os vendedores t\u00e9cnicos e saber mais sobre suas aplica\u00e7\u00f5es no segmento frigor\u00edfico. Cada pessoa que visitou o estande pode entender maismelhor sobre as vantagens e benef\u00edcios de\u00a0porta r\u00e1pida. A SEBRAS costuma dizer que n\u00e3o vende apenas uma porta, e sim fornece uma solu\u00e7\u00e3o sob medida para seu cliente.<\/p>\r\n\r\n<h6 style=\"text-align: center;\"><span style=\"color: #ff0000;\"><strong>A SEBRAS agradece a todos que visitaram o seu\u00a0estande e que compartilharam bons momentos na Feira Mercoagro 2016.<\/strong><\/span><\/h6>\r\n<h6 style=\"text-align: center;\"><span style=\"color: #ff0000;\"><strong>At\u00e9 2018!<\/strong><\/span><\/h6>\t\t\t\t\t\t\t\t<\/div>\n\t\t\t\t<\/div>\n\t\t\t\t\t<\/div>\n\t\t<\/div>\n\t\t\t\t\t<\/div>\n\t\t<\/section>\n\t\t\t\t<section class=\"elementor-section elementor-top-section elementor-element elementor-element-30a8124 elementor-section-boxed elementor-section-height-default elementor-section-height-default\" data-id=\"30a8124\" data-element_type=\"section\">\n\t\t\t\t\t\t<div class=\"elementor-container elementor-column-gap-default\">\n\t\t\t\t\t<div class=\"elementor-column elementor-col-100 elementor-top-column elementor-element elementor-element-8e72738\" data-id=\"8e72738\" data-element_type=\"column\">\n\t\t\t<div class=\"elementor-widget-wrap elementor-element-populated\">\n\t\t\t\t\t\t<div class=\"elementor-element elementor-element-1700055 elementor-widget elementor-widget-heading\" data-id=\"1700055\" data-element_type=\"widget\" data-widget_type=\"heading.default\">\n\t\t\t\t<div class=\"elementor-widget-container\">\n\t\t\t\t\t<h6 class=\"elementor-heading-title elementor-size-default\">Para mais informa\u00e7\u00f5es ou caso esteja precisando de um or\u00e7amento, basta entrar em contato conosco atrav\u00e9s dos canais de atendimento abaixo.\n<\/h6>\t\t\t\t<\/div>\n\t\t\t\t<\/div>\n\t\t\t\t\t<\/div>\n\t\t<\/div>\n\t\t\t\t\t<\/div>\n\t\t<\/section>\n\t\t\t\t<section class=\"elementor-section elementor-top-section elementor-element elementor-element-1b188e8 elementor-section-boxed elementor-section-height-default elementor-section-height-default\" data-id=\"1b188e8\" data-element_type=\"section\">\n\t\t\t\t\t\t<div class=\"elementor-container elementor-column-gap-default\">\n\t\t\t\t\t<div class=\"elementor-column elementor-col-33 elementor-top-column elementor-element elementor-element-fc0d33c\" data-id=\"fc0d33c\" data-element_type=\"column\">\n\t\t\t<div class=\"elementor-widget-wrap elementor-element-populated\">\n\t\t\t\t\t\t<div class=\"elementor-element elementor-element-530c176 elementor-widget elementor-widget-image\" data-id=\"530c176\" data-element_type=\"widget\" data-widget_type=\"image.default\">\n\t\t\t\t<div class=\"elementor-widget-container\">\n\t\t\t\t\t\t\t\t\t\t\t\t\t\t\t\t<a href=\"https:\/\/wa.me\/5551995560599\" target=\"_blank\">\n\t\t\t\t\t\t\t<img decoding=\"async\" src=\"https:\/\/sebras.com.br\/site\/wp-content\/plugins\/elementor\/assets\/images\/placeholder.png\" title=\"\" alt=\"\" loading=\"lazy\" \/>\t\t\t\t\t\t\t\t<\/a>\n\t\t\t\t\t\t\t\t\t\t\t\t\t\t\t<\/div>\n\t\t\t\t<\/div>\n\t\t\t\t<div class=\"elementor-element elementor-element-e76ad89 elementor-align-center elementor-widget elementor-widget-button\" data-id=\"e76ad89\" data-element_type=\"widget\" data-widget_type=\"button.default\">\n\t\t\t\t<div class=\"elementor-widget-container\">\n\t\t\t\t\t\t\t\t\t<div class=\"elementor-button-wrapper\">\n\t\t\t\t\t<a class=\"elementor-button elementor-button-link elementor-size-sm\" href=\"https:\/\/wa.me\/5551995560599\" target=\"_blank\">\n\t\t\t\t\t\t<span class=\"elementor-button-content-wrapper\">\n\t\t\t\t\t\t\t\t\t<span class=\"elementor-button-text\">(51) 995 560 599<\/span>\n\t\t\t\t\t<\/span>\n\t\t\t\t\t<\/a>\n\t\t\t\t<\/div>\n\t\t\t\t\t\t\t\t<\/div>\n\t\t\t\t<\/div>\n\t\t\t\t<div class=\"elementor-element elementor-element-9742404 elementor-widget-divider--view-line elementor-widget elementor-widget-divider\" data-id=\"9742404\" data-element_type=\"widget\" data-widget_type=\"divider.default\">\n\t\t\t\t<div class=\"elementor-widget-container\">\n\t\t\t\t\t\t\t<div class=\"elementor-divider\">\n\t\t\t<span class=\"elementor-divider-separator\">\n\t\t\t\t\t\t<\/span>\n\t\t<\/div>\n\t\t\t\t\t\t<\/div>\n\t\t\t\t<\/div>\n\t\t\t\t\t<\/div>\n\t\t<\/div>\n\t\t\t\t<div class=\"elementor-column elementor-col-33 elementor-top-column elementor-element elementor-element-edaaaf3\" data-id=\"edaaaf3\" data-element_type=\"column\">\n\t\t\t<div class=\"elementor-widget-wrap elementor-element-populated\">\n\t\t\t\t\t\t<div class=\"elementor-element elementor-element-edacd12 elementor-widget elementor-widget-image\" data-id=\"edacd12\" data-element_type=\"widget\" data-widget_type=\"image.default\">\n\t\t\t\t<div class=\"elementor-widget-container\">\n\t\t\t\t\t\t\t\t\t\t\t\t\t\t\t\t<a href=\"http:\/\/sebrasnovo.sebras.com.br\/orcamento\/\" target=\"_blank\">\n\t\t\t\t\t\t\t<img decoding=\"async\" src=\"https:\/\/sebras.com.br\/site\/wp-content\/plugins\/elementor\/assets\/images\/placeholder.png\" title=\"\" alt=\"\" loading=\"lazy\" \/>\t\t\t\t\t\t\t\t<\/a>\n\t\t\t\t\t\t\t\t\t\t\t\t\t\t\t<\/div>\n\t\t\t\t<\/div>\n\t\t\t\t<div class=\"elementor-element elementor-element-df6ba3b elementor-align-center elementor-widget elementor-widget-button\" data-id=\"df6ba3b\" data-element_type=\"widget\" data-widget_type=\"button.default\">\n\t\t\t\t<div class=\"elementor-widget-container\">\n\t\t\t\t\t\t\t\t\t<div class=\"elementor-button-wrapper\">\n\t\t\t\t\t<a class=\"elementor-button elementor-button-link elementor-size-sm\" href=\"http:\/\/sebrasnovo.sebras.com.br\/orcamento\/\" target=\"_blank\">\n\t\t\t\t\t\t<span class=\"elementor-button-content-wrapper\">\n\t\t\t\t\t\t\t\t\t<span class=\"elementor-button-text\">SOLICITE OR\u00c7AMENTO<\/span>\n\t\t\t\t\t<\/span>\n\t\t\t\t\t<\/a>\n\t\t\t\t<\/div>\n\t\t\t\t\t\t\t\t<\/div>\n\t\t\t\t<\/div>\n\t\t\t\t<div class=\"elementor-element elementor-element-2b40b03 elementor-widget-divider--view-line elementor-widget elementor-widget-divider\" data-id=\"2b40b03\" data-element_type=\"widget\" data-widget_type=\"divider.default\">\n\t\t\t\t<div class=\"elementor-widget-container\">\n\t\t\t\t\t\t\t<div class=\"elementor-divider\">\n\t\t\t<span class=\"elementor-divider-separator\">\n\t\t\t\t\t\t<\/span>\n\t\t<\/div>\n\t\t\t\t\t\t<\/div>\n\t\t\t\t<\/div>\n\t\t\t\t\t<\/div>\n\t\t<\/div>\n\t\t\t\t<div class=\"elementor-column elementor-col-33 elementor-top-column elementor-element elementor-element-5a469d5\" data-id=\"5a469d5\" data-element_type=\"column\">\n\t\t\t<div class=\"elementor-widget-wrap elementor-element-populated\">\n\t\t\t\t\t\t<div class=\"elementor-element elementor-element-8ca097f elementor-widget elementor-widget-image\" data-id=\"8ca097f\" data-element_type=\"widget\" data-widget_type=\"image.default\">\n\t\t\t\t<div class=\"elementor-widget-container\">\n\t\t\t\t\t\t\t\t\t\t\t\t\t\t\t<img decoding=\"async\" src=\"https:\/\/sebras.com.br\/site\/wp-content\/plugins\/elementor\/assets\/images\/placeholder.png\" title=\"\" alt=\"\" loading=\"lazy\" \/>\t\t\t\t\t\t\t\t\t\t\t\t\t\t\t<\/div>\n\t\t\t\t<\/div>\n\t\t\t\t<div class=\"elementor-element elementor-element-c4e7782 elementor-align-center elementor-widget elementor-widget-button\" data-id=\"c4e7782\" data-element_type=\"widget\" data-widget_type=\"button.default\">\n\t\t\t\t<div class=\"elementor-widget-container\">\n\t\t\t\t\t\t\t\t\t<div class=\"elementor-button-wrapper\">\n\t\t\t\t\t<a class=\"elementor-button elementor-size-sm\" role=\"button\">\n\t\t\t\t\t\t<span class=\"elementor-button-content-wrapper\">\n\t\t\t\t\t\t\t\t\t<span class=\"elementor-button-text\">(51) 3081 - 0554<\/span>\n\t\t\t\t\t<\/span>\n\t\t\t\t\t<\/a>\n\t\t\t\t<\/div>\n\t\t\t\t\t\t\t\t<\/div>\n\t\t\t\t<\/div>\n\t\t\t\t<div class=\"elementor-element elementor-element-77e88c7 elementor-widget-divider--view-line elementor-widget elementor-widget-divider\" data-id=\"77e88c7\" data-element_type=\"widget\" data-widget_type=\"divider.default\">\n\t\t\t\t<div class=\"elementor-widget-container\">\n\t\t\t\t\t\t\t<div class=\"elementor-divider\">\n\t\t\t<span class=\"elementor-divider-separator\">\n\t\t\t\t\t\t<\/span>\n\t\t<\/div>\n\t\t\t\t\t\t<\/div>\n\t\t\t\t<\/div>\n\t\t\t\t\t<\/div>\n\t\t<\/div>\n\t\t\t\t\t<\/div>\n\t\t<\/section>\n\t\t\t\t<\/div>","protected":false},"excerpt":{"rendered":"<p>A Feira Mercoagro 2016 foi realizada do dia\u00a013 a 16\/09, na cidade de Chapec\u00f3 &#8211; SC. Esta \u00e9 a primeira\u00a0edi\u00e7\u00e3o em que a SEBRAS participa como expositora.\u00a0Com estande localizado no Pavilh\u00e3o Amarelo &#8211;\u00a0N\u00ba 903, a SEBRAS recebeu clientes de todo o Brasil, realizou contatos importantes, sess\u00f5es de neg\u00f3cios e novas oportunidades levantadas. Os visitantes tiveram [&hellip;]<\/p>\n","protected":false},"featured_media":0,"parent":0,"template":"","meta":{"_acf_changed":false},"categoria-do-blog":[27],"class_list":["post-3355","blog","type-blog","status-publish","hentry","categoria-do-blog-noticia"],"acf":[],"_links":{"self":[{"href":"https:\/\/sebras.com.br\/en\/wp-json\/wp\/v2\/blog\/3355","targetHints":{"allow":["GET"]}}],"collection":[{"href":"https:\/\/sebras.com.br\/en\/wp-json\/wp\/v2\/blog"}],"about":[{"href":"https:\/\/sebras.com.br\/en\/wp-json\/wp\/v2\/types\/blog"}],"version-history":[{"count":4,"href":"https:\/\/sebras.com.br\/en\/wp-json\/wp\/v2\/blog\/3355\/revisions"}],"predecessor-version":[{"id":3365,"href":"https:\/\/sebras.com.br\/en\/wp-json\/wp\/v2\/blog\/3355\/revisions\/3365"}],"wp:attachment":[{"href":"https:\/\/sebras.com.br\/en\/wp-json\/wp\/v2\/media?parent=3355"}],"wp:term":[{"taxonomy":"categoria-do-blog","embeddable":true,"href":"https:\/\/sebras.com.br\/en\/wp-json\/wp\/v2\/categoria-do-blog?post=3355"}],"curies":[{"name":"wp","href":"https:\/\/api.w.org\/{rel}","templated":true}]}}