{"id":3264,"date":"2017-04-28T11:12:00","date_gmt":"2017-04-28T14:12:00","guid":{"rendered":"https:\/\/sebras.com.br\/site\/?post_type=blog&#038;p=3264"},"modified":"2025-06-18T14:49:05","modified_gmt":"2025-06-18T17:49:05","slug":"feira-expomafe-2017-primeira-participacao-da-sebras","status":"publish","type":"blog","link":"https:\/\/sebras.com.br\/en\/blog\/feira-expomafe-2017-primeira-participacao-da-sebras\/","title":{"rendered":"Feira Expomafe 2017 \u2013 Primeira participa\u00e7\u00e3o da SEBRAS"},"content":{"rendered":"<div data-elementor-type=\"wp-post\" data-elementor-id=\"3264\" class=\"elementor elementor-3264\" data-elementor-post-type=\"blog\">\n\t\t\t\t\t\t<section class=\"elementor-section elementor-top-section elementor-element elementor-element-d4ed288 elementor-section-boxed elementor-section-height-default elementor-section-height-default\" data-id=\"d4ed288\" data-element_type=\"section\">\n\t\t\t\t\t\t<div class=\"elementor-container elementor-column-gap-default\">\n\t\t\t\t\t<div class=\"elementor-column elementor-col-100 elementor-top-column elementor-element elementor-element-5b9d751\" data-id=\"5b9d751\" data-element_type=\"column\">\n\t\t\t<div class=\"elementor-widget-wrap elementor-element-populated\">\n\t\t\t\t\t\t<div class=\"elementor-element elementor-element-372c0b7 elementor-widget elementor-widget-text-editor\" data-id=\"372c0b7\" data-element_type=\"widget\" data-widget_type=\"text-editor.default\">\n\t\t\t\t<div class=\"elementor-widget-container\">\n\t\t\t\t\t\t\t\t\t<h5 style=\"text-align: center;\"><span style=\"color: #a80000;\"><strong>Feira Expomafe 2017<\/strong><\/span><\/h5>\r\nEste ano a <a href=\"http:\/\/sebrasnovo.sebras.com.br\"><span style=\"color: #a80000;\"><strong>SEBRAS's<\/strong><\/span><\/a> vai expor \u00a0pela primeira vez na\u00a0<span style=\"color: #a80000;\"><strong>Feira Expomafe 2017<\/strong><\/span>. A nossa atua\u00e7\u00e3o no Brasil e no exterior nos levou a desenvolver solu\u00e7\u00f5es para os setores\u00a0metalmec\u00e2nico, agr\u00edcola, aliment\u00edcio, eletr\u00f4nico, embalagem, farmac\u00eautico, higiene e limpeza, m\u00e1quinas e equipamentos, petrol\u00edfero, projeto\/engenharia e qu\u00edmico.\r\n\r\n\r\n<p style=\"text-align: justify;\">Feira Expomafe 2017\u00a0\u2014 Feira Internacional de M\u00e1quinas-Ferramenta e Automa\u00e7\u00e3o Industrial \u00e9 a feira oficial do setor metalmec\u00e2nico, comandada pelas entidades que representam os segmentos desta importante cadeia produtiva.<\/p>\r\n\r\n<h6 style=\"text-align: center;\"><strong><span style=\"color: #ff0000;\">INOVA\u00c7\u00c3O E TECNOLOGIA NA FEIRA METALMEC\u00c2NICA<\/span><\/strong><\/h6>\r\n<p style=\"text-align: justify;\">A inova\u00e7\u00e3o \u00e9 a for\u00e7a propulsora que move a ind\u00fastria de M\u00e1quinas-Ferramenta e Automa\u00e7\u00e3o Industrial. A ABIMAQ, juntamente com a Informa Exhibitions, traz um novo conceito de feiras de neg\u00f3cios para a ind\u00fastria com o lan\u00e7amento da FEIRA EXPOMAFE 2017. Utilizando sofisticadas ferramentas gerenciais, modernos modelos de comunica\u00e7\u00e3o e uma infraestrutura \u00fanica na Am\u00e9rica Latina, a EXPOMAFE se configura como o ambiente ideal para acompanhar e alavancar o desenvolvimento da ind\u00fastria de m\u00e1quinas, equipamentos e acess\u00f3rios, reunindo compradores do Brasil e do exterior, que buscam tend\u00eancias e inova\u00e7\u00f5es para os diversos produtos, servi\u00e7os e equipamentos em seu universo de atua\u00e7\u00e3o.<\/p>\r\n<p style=\"text-align: justify;\">A Feira Expomafe 2017\u00a0\u2014 Feira Internacional de M\u00e1quinas-Ferramenta e Automa\u00e7\u00e3o Industrial. Ser\u00e1 o evento mais importante do ano de 2017 para compradores de m\u00e1quinas, equipametnos e tecnologia, da Am\u00e9rica Latina. O evento acontece de\u00a0<strong><span style=\"color: #a80000;\">9 a 13 de Maio de 20<\/span><span style=\"color: #a80000;\">1<\/span><span style=\"color: #a80000;\">7<\/span><\/strong>\u00a0no\u00a0S\u00e3o Paulo Expo, o maior e mais moderno pavilh\u00e3o da Am\u00e9rica Latina.<\/p>\r\nS\u00e3o muitas as raz\u00f5es para voc\u00ea estar na\u00a0maior feira do setor metalmec\u00e2nico da Am\u00e9rica Latina! Listamos algumas delas logo abaixo, mostrando porque voc\u00ea deve estar no evento oficial do setor.\r\n<ul>\r\n \t<li style=\"text-align: justify;\">Presen\u00e7a exclusiva dos \u00e2ncoras do setor;<\/li>\r\n \t<li style=\"text-align: justify;\">Atualiza\u00e7\u00e3o profissional;<\/li>\r\n \t<li style=\"text-align: justify;\">Inova\u00e7\u00f5es tecnol\u00f3gicas;<\/li>\r\n \t<li style=\"text-align: justify;\">Novos neg\u00f3cios para os segmentos de m\u00e1quinas-ferramenta, automa\u00e7\u00e3o, controle de qualidade, soldagem e corte, m\u00e1quinas ferramentas, equipamentos e acess\u00f3rios;<\/li>\r\n \t<li style=\"text-align: justify;\">Rodada Internacional de Neg\u00f3cios;<\/li>\r\n \t<li style=\"text-align: justify;\">Networking;<\/li>\r\n \t<li style=\"text-align: justify;\">S\u00e3o Paulo Expo, pavilh\u00e3o que, al\u00e9m de possuir uma\u00a0infraestrutura de primeiro mundo. Est\u00e1 localizado em uma regi\u00e3o de f\u00e1cil acesso e fora do per\u00edmetro de restri\u00e7\u00e3o municipal (rod\u00edzio) de ve\u00edculos.<\/li>\r\n<\/ul>\r\n<h6 style=\"text-align: center;\"><span style=\"color: #ff0000;\"><strong>Aguardamos a sua presen\u00e7a!<\/strong><\/span><\/h6>\t\t\t\t\t\t\t\t<\/div>\n\t\t\t\t<\/div>\n\t\t\t\t\t<\/div>\n\t\t<\/div>\n\t\t\t\t\t<\/div>\n\t\t<\/section>\n\t\t\t\t<section class=\"elementor-section elementor-top-section elementor-element elementor-element-4c4e024 elementor-section-boxed elementor-section-height-default elementor-section-height-default\" data-id=\"4c4e024\" data-element_type=\"section\">\n\t\t\t\t\t\t<div class=\"elementor-container elementor-column-gap-default\">\n\t\t\t\t\t<div class=\"elementor-column elementor-col-100 elementor-top-column elementor-element elementor-element-5cd9372\" data-id=\"5cd9372\" data-element_type=\"column\">\n\t\t\t<div class=\"elementor-widget-wrap elementor-element-populated\">\n\t\t\t\t\t\t<div class=\"elementor-element elementor-element-dd8f2d9 elementor-widget elementor-widget-heading\" data-id=\"dd8f2d9\" data-element_type=\"widget\" data-widget_type=\"heading.default\">\n\t\t\t\t<div class=\"elementor-widget-container\">\n\t\t\t\t\t<h6 class=\"elementor-heading-title elementor-size-default\">Para mais informa\u00e7\u00f5es ou caso esteja precisando de um or\u00e7amento, basta entrar em contato conosco atrav\u00e9s dos canais de atendimento abaixo.\n<\/h6>\t\t\t\t<\/div>\n\t\t\t\t<\/div>\n\t\t\t\t\t<\/div>\n\t\t<\/div>\n\t\t\t\t\t<\/div>\n\t\t<\/section>\n\t\t\t\t<section class=\"elementor-section elementor-top-section elementor-element elementor-element-420b980 elementor-section-boxed elementor-section-height-default elementor-section-height-default\" data-id=\"420b980\" data-element_type=\"section\">\n\t\t\t\t\t\t<div class=\"elementor-container elementor-column-gap-default\">\n\t\t\t\t\t<div class=\"elementor-column elementor-col-33 elementor-top-column elementor-element elementor-element-9991b71\" data-id=\"9991b71\" data-element_type=\"column\">\n\t\t\t<div class=\"elementor-widget-wrap elementor-element-populated\">\n\t\t\t\t\t\t<div class=\"elementor-element elementor-element-f3bf9a5 elementor-widget elementor-widget-image\" data-id=\"f3bf9a5\" data-element_type=\"widget\" data-widget_type=\"image.default\">\n\t\t\t\t<div class=\"elementor-widget-container\">\n\t\t\t\t\t\t\t\t\t\t\t\t\t\t\t\t<a href=\"https:\/\/wa.me\/5551995560599\" target=\"_blank\">\n\t\t\t\t\t\t\t<img decoding=\"async\" src=\"https:\/\/sebras.com.br\/site\/wp-content\/plugins\/elementor\/assets\/images\/placeholder.png\" title=\"\" alt=\"\" loading=\"lazy\" \/>\t\t\t\t\t\t\t\t<\/a>\n\t\t\t\t\t\t\t\t\t\t\t\t\t\t\t<\/div>\n\t\t\t\t<\/div>\n\t\t\t\t<div class=\"elementor-element elementor-element-c40b7b5 elementor-align-center elementor-widget elementor-widget-button\" data-id=\"c40b7b5\" data-element_type=\"widget\" data-widget_type=\"button.default\">\n\t\t\t\t<div class=\"elementor-widget-container\">\n\t\t\t\t\t\t\t\t\t<div class=\"elementor-button-wrapper\">\n\t\t\t\t\t<a class=\"elementor-button elementor-button-link elementor-size-sm\" href=\"https:\/\/wa.me\/5551995560599\" target=\"_blank\">\n\t\t\t\t\t\t<span class=\"elementor-button-content-wrapper\">\n\t\t\t\t\t\t\t\t\t<span class=\"elementor-button-text\">(51) 995 560 599<\/span>\n\t\t\t\t\t<\/span>\n\t\t\t\t\t<\/a>\n\t\t\t\t<\/div>\n\t\t\t\t\t\t\t\t<\/div>\n\t\t\t\t<\/div>\n\t\t\t\t<div class=\"elementor-element elementor-element-d57297c elementor-widget-divider--view-line elementor-widget elementor-widget-divider\" data-id=\"d57297c\" data-element_type=\"widget\" data-widget_type=\"divider.default\">\n\t\t\t\t<div class=\"elementor-widget-container\">\n\t\t\t\t\t\t\t<div class=\"elementor-divider\">\n\t\t\t<span class=\"elementor-divider-separator\">\n\t\t\t\t\t\t<\/span>\n\t\t<\/div>\n\t\t\t\t\t\t<\/div>\n\t\t\t\t<\/div>\n\t\t\t\t\t<\/div>\n\t\t<\/div>\n\t\t\t\t<div class=\"elementor-column elementor-col-33 elementor-top-column elementor-element elementor-element-609e3ce\" data-id=\"609e3ce\" data-element_type=\"column\">\n\t\t\t<div class=\"elementor-widget-wrap elementor-element-populated\">\n\t\t\t\t\t\t<div class=\"elementor-element elementor-element-74f4b18 elementor-widget elementor-widget-image\" data-id=\"74f4b18\" data-element_type=\"widget\" data-widget_type=\"image.default\">\n\t\t\t\t<div class=\"elementor-widget-container\">\n\t\t\t\t\t\t\t\t\t\t\t\t\t\t\t\t<a href=\"http:\/\/sebrasnovo.sebras.com.br\/orcamento\/\" target=\"_blank\">\n\t\t\t\t\t\t\t<img decoding=\"async\" src=\"https:\/\/sebras.com.br\/site\/wp-content\/plugins\/elementor\/assets\/images\/placeholder.png\" title=\"\" alt=\"\" loading=\"lazy\" \/>\t\t\t\t\t\t\t\t<\/a>\n\t\t\t\t\t\t\t\t\t\t\t\t\t\t\t<\/div>\n\t\t\t\t<\/div>\n\t\t\t\t<div class=\"elementor-element elementor-element-c47b9ba elementor-align-center elementor-widget elementor-widget-button\" data-id=\"c47b9ba\" data-element_type=\"widget\" data-widget_type=\"button.default\">\n\t\t\t\t<div class=\"elementor-widget-container\">\n\t\t\t\t\t\t\t\t\t<div class=\"elementor-button-wrapper\">\n\t\t\t\t\t<a class=\"elementor-button elementor-button-link elementor-size-sm\" href=\"http:\/\/sebrasnovo.sebras.com.br\/orcamento\/\" target=\"_blank\">\n\t\t\t\t\t\t<span class=\"elementor-button-content-wrapper\">\n\t\t\t\t\t\t\t\t\t<span class=\"elementor-button-text\">SOLICITE OR\u00c7AMENTO<\/span>\n\t\t\t\t\t<\/span>\n\t\t\t\t\t<\/a>\n\t\t\t\t<\/div>\n\t\t\t\t\t\t\t\t<\/div>\n\t\t\t\t<\/div>\n\t\t\t\t<div class=\"elementor-element elementor-element-e7bec8a elementor-widget-divider--view-line elementor-widget elementor-widget-divider\" data-id=\"e7bec8a\" data-element_type=\"widget\" data-widget_type=\"divider.default\">\n\t\t\t\t<div class=\"elementor-widget-container\">\n\t\t\t\t\t\t\t<div class=\"elementor-divider\">\n\t\t\t<span class=\"elementor-divider-separator\">\n\t\t\t\t\t\t<\/span>\n\t\t<\/div>\n\t\t\t\t\t\t<\/div>\n\t\t\t\t<\/div>\n\t\t\t\t\t<\/div>\n\t\t<\/div>\n\t\t\t\t<div class=\"elementor-column elementor-col-33 elementor-top-column elementor-element elementor-element-6becc89\" data-id=\"6becc89\" data-element_type=\"column\">\n\t\t\t<div class=\"elementor-widget-wrap elementor-element-populated\">\n\t\t\t\t\t\t<div class=\"elementor-element elementor-element-e16cacd elementor-widget elementor-widget-image\" data-id=\"e16cacd\" data-element_type=\"widget\" data-widget_type=\"image.default\">\n\t\t\t\t<div class=\"elementor-widget-container\">\n\t\t\t\t\t\t\t\t\t\t\t\t\t\t\t<img decoding=\"async\" src=\"https:\/\/sebras.com.br\/site\/wp-content\/plugins\/elementor\/assets\/images\/placeholder.png\" title=\"\" alt=\"\" loading=\"lazy\" \/>\t\t\t\t\t\t\t\t\t\t\t\t\t\t\t<\/div>\n\t\t\t\t<\/div>\n\t\t\t\t<div class=\"elementor-element elementor-element-dbdf98a elementor-align-center elementor-widget elementor-widget-button\" data-id=\"dbdf98a\" data-element_type=\"widget\" data-widget_type=\"button.default\">\n\t\t\t\t<div class=\"elementor-widget-container\">\n\t\t\t\t\t\t\t\t\t<div class=\"elementor-button-wrapper\">\n\t\t\t\t\t<a class=\"elementor-button elementor-size-sm\" role=\"button\">\n\t\t\t\t\t\t<span class=\"elementor-button-content-wrapper\">\n\t\t\t\t\t\t\t\t\t<span class=\"elementor-button-text\">(51) 3081 - 0554<\/span>\n\t\t\t\t\t<\/span>\n\t\t\t\t\t<\/a>\n\t\t\t\t<\/div>\n\t\t\t\t\t\t\t\t<\/div>\n\t\t\t\t<\/div>\n\t\t\t\t<div class=\"elementor-element elementor-element-6cd68ca elementor-widget-divider--view-line elementor-widget elementor-widget-divider\" data-id=\"6cd68ca\" data-element_type=\"widget\" data-widget_type=\"divider.default\">\n\t\t\t\t<div class=\"elementor-widget-container\">\n\t\t\t\t\t\t\t<div class=\"elementor-divider\">\n\t\t\t<span class=\"elementor-divider-separator\">\n\t\t\t\t\t\t<\/span>\n\t\t<\/div>\n\t\t\t\t\t\t<\/div>\n\t\t\t\t<\/div>\n\t\t\t\t\t<\/div>\n\t\t<\/div>\n\t\t\t\t\t<\/div>\n\t\t<\/section>\n\t\t\t\t<\/div>","protected":false},"excerpt":{"rendered":"<p>Feira Expomafe 2017 Este ano a SEBRAS vai expor \u00a0pela primeira vez na\u00a0Feira Expomafe 2017. A nossa atua\u00e7\u00e3o no Brasil e no exterior nos levou a desenvolver solu\u00e7\u00f5es para os setores\u00a0metalmec\u00e2nico, agr\u00edcola, aliment\u00edcio, eletr\u00f4nico, embalagem, farmac\u00eautico, higiene e limpeza, m\u00e1quinas e equipamentos, petrol\u00edfero, projeto\/engenharia e qu\u00edmico. Feira Expomafe 2017\u00a0\u2014 Feira Internacional de M\u00e1quinas-Ferramenta e Automa\u00e7\u00e3o [&hellip;]<\/p>\n","protected":false},"featured_media":0,"parent":0,"template":"","meta":{"_acf_changed":false},"categoria-do-blog":[27],"class_list":["post-3264","blog","type-blog","status-publish","hentry","categoria-do-blog-noticia"],"acf":[],"_links":{"self":[{"href":"https:\/\/sebras.com.br\/en\/wp-json\/wp\/v2\/blog\/3264","targetHints":{"allow":["GET"]}}],"collection":[{"href":"https:\/\/sebras.com.br\/en\/wp-json\/wp\/v2\/blog"}],"about":[{"href":"https:\/\/sebras.com.br\/en\/wp-json\/wp\/v2\/types\/blog"}],"version-history":[{"count":4,"href":"https:\/\/sebras.com.br\/en\/wp-json\/wp\/v2\/blog\/3264\/revisions"}],"predecessor-version":[{"id":3269,"href":"https:\/\/sebras.com.br\/en\/wp-json\/wp\/v2\/blog\/3264\/revisions\/3269"}],"wp:attachment":[{"href":"https:\/\/sebras.com.br\/en\/wp-json\/wp\/v2\/media?parent=3264"}],"wp:term":[{"taxonomy":"categoria-do-blog","embeddable":true,"href":"https:\/\/sebras.com.br\/en\/wp-json\/wp\/v2\/categoria-do-blog?post=3264"}],"curies":[{"name":"wp","href":"https:\/\/api.w.org\/{rel}","templated":true}]}}