{"id":3144,"date":"2017-02-15T10:30:40","date_gmt":"2017-02-15T12:30:40","guid":{"rendered":"https:\/\/sebras.com.br\/site\/?post_type=blog&#038;p=3144"},"modified":"2025-06-18T11:58:17","modified_gmt":"2025-06-18T14:58:17","slug":"feira-expodireto-2017-sebras-confirma-presenca","status":"publish","type":"blog","link":"https:\/\/sebras.com.br\/en\/blog\/feira-expodireto-2017-sebras-confirma-presenca\/","title":{"rendered":"Feira Expodireto 2017 \u2013 SEBRAS confirma presen\u00e7a"},"content":{"rendered":"<div data-elementor-type=\"wp-post\" data-elementor-id=\"3144\" class=\"elementor elementor-3144\" data-elementor-post-type=\"blog\">\n\t\t\t\t<div class=\"elementor-element elementor-element-16dc2b4 e-flex e-con-boxed e-con e-parent\" data-id=\"16dc2b4\" data-element_type=\"container\">\n\t\t\t\t\t<div class=\"e-con-inner\">\n\t\t\t\t<div class=\"elementor-element elementor-element-9b6208a elementor-widget elementor-widget-text-editor\" data-id=\"9b6208a\" data-element_type=\"widget\" data-widget_type=\"text-editor.default\">\n\t\t\t\t<div class=\"elementor-widget-container\">\n\t\t\t\t\t\t\t\t\t<p style=\"text-align: justify;\">A <span style=\"color: #a80000;\"><strong>Feira Expodireto 2017<\/strong><\/span> foi lan\u00e7ada oficialmente no dia 14 de fevereiro em Porto Alegre. A solenidade ocorreu\u00a0as 9h, no Pal\u00e1cio Piratini, e reuniu\u00a0autoridades, imprensa, patrocinadores e representantes de entidades ligadas ao agroneg\u00f3cio. O governador Jos\u00e9 Ivo Sartori esteve presente. Sartori tamb\u00e9m estar\u00e1 presente da abertura oficial da feira, em N\u00e3o-Me-Toque. A edi\u00e7\u00e3o deste ano ser\u00e1 de 6 a 10 de mar\u00e7o.<\/p><p><\/p><p style=\"text-align: justify;\">A exemplo de anos anteriores, a Feira dever\u00e1 reunir as principais lideran\u00e7as pol\u00edticas do pa\u00eds. A dire\u00e7\u00e3o da Cotrijal est\u00e1 trabalhando no sentido de trazer o maior n\u00famero poss\u00edvel de autoridades \u00e0 N\u00e3o-Me-Toque. Visto que a <strong><span style=\"color: #a80000;\"><a href=\"http:\/\/www.expodireto.cotrijal.com.br\/\">Expodireto<\/a><\/span><\/strong> \u00e9 conhecida por buscar solu\u00e7\u00f5es para os diversos setores do agroneg\u00f3cio.<\/p><p style=\"text-align: justify;\">Em 2017, ser\u00e3o mais de 500 expositores nacionais e internacionais de m\u00e1quinas e equipamentos para a produ\u00e7\u00e3o vegetal e animal, pesquisa, agricultura familiar, servi\u00e7os\u00a0e solu\u00e7\u00f5es. Ano passado, a Expodireto Cotrijal recebeu mais de 210.800 visitantes e os 554 expositores fecharam R$ 1,581 bilh\u00e3o em neg\u00f3cios.<\/p><p style=\"text-align: justify;\">Al\u00e9m de trazer diversas\u00a0<span style=\"color: #a80000;\"><strong>novidades<\/strong>\u00a0<strong>tecnol\u00f3gicas<\/strong><\/span>, seja em m\u00e1quinas ou equipamentos agr\u00edcolas, o evento tamb\u00e9m re\u00fane diversas\u00a0<span style=\"color: #a80000;\"><strong>pesquisas<\/strong><\/span>, t\u00e9cnicas de manejo, e novidades em\u00a0<span style=\"color: #a80000;\"><strong>sistemas<\/strong>\u00a0<strong>de informa\u00e7\u00e3o<\/strong><\/span>.\u00a0A participa\u00e7\u00e3o internacional foi destaque na edi\u00e7\u00e3o passada, com a presen\u00e7a de representantes de mais de 70 pa\u00edses.<\/p><p style=\"text-align: justify;\">O evento tem a dura\u00e7\u00e3o de cinco dias e representa os in\u00fameros segmentos inclusos no\u00a0<strong><span style=\"color: #a80000;\">agroneg\u00f3cio<\/span>.<\/strong>\u00a0Em sua edi\u00e7\u00e3o passada, a Expodireto Cotrijal recebeu cerca de 500 expositores, todos reunidos nos 84 hectares do parque. O evento cumpriu o objetivo ao valorizar a\u00a0<span style=\"color: #a80000;\"><strong>cultura<\/strong>\u00a0<strong>brasileira<\/strong><\/span>\u00a0e sua capacidade de suprir a crescente demanda por gr\u00e3os e produtos de origem animal. O principal objetivo da exposi\u00e7\u00e3o est\u00e1 proporcionar um ambiente prop\u00edcio para neg\u00f3cios.<\/p><h6 style=\"text-align: center;\"><span style=\"color: #ff0000;\"><strong>Programa\u00e7\u00e3o da Feira Expodireto 2017<\/strong><\/span><\/h6><p style=\"text-align: justify;\">Al\u00e9m dos espa\u00e7os para conhecer m\u00e1quinas e novas tecnologias do setor, a programa\u00e7\u00e3o da Feira Expodireto 2017 \u00a0inclui ainda debates tradicionais como o F\u00f3rum Nacional da Soja (28\u00aa edi\u00e7\u00e3o), F\u00f3rum do Milho (9\u00aa Edi\u00e7\u00e3o) e o F\u00f3rum Estadual do Leite (13\u00aa Edi\u00e7\u00e3o).<\/p><p style=\"text-align: justify;\">Est\u00e3o previstos outros eventos como o F\u00f3rum Florestal e o F\u00f3rum da Agricultura Familiar, al\u00e9m da 6\u00aa Edi\u00e7\u00e3o do F\u00f3rum Internacional do Jovem Cooperativista do F\u00f3rum Soja Brasil.<\/p><h6 style=\"text-align: center;\"><span style=\"color: #ff0000;\"><strong>A Feira Expodireto 2017\u00a0\u00e9 um importante evento para o agroneg\u00f3cio do Rio Grande do Sul.\u00a0<\/strong><\/span><\/h6><p><\/p>\t\t\t\t\t\t\t\t<\/div>\n\t\t\t\t<\/div>\n\t\t\t\t\t<\/div>\n\t\t\t\t<\/div>\n\t\t<div class=\"elementor-element elementor-element-73f757d e-flex e-con-boxed e-con e-parent\" data-id=\"73f757d\" data-element_type=\"container\">\n\t\t\t\t\t<div class=\"e-con-inner\">\n\t\t\t\t<div class=\"elementor-element elementor-element-e6aad93 elementor-widget elementor-widget-heading\" data-id=\"e6aad93\" data-element_type=\"widget\" data-widget_type=\"heading.default\">\n\t\t\t\t<div class=\"elementor-widget-container\">\n\t\t\t\t\t<h6 class=\"elementor-heading-title elementor-size-default\">Para mais informa\u00e7\u00f5es ou caso esteja precisando de um or\u00e7amento, basta entrar em contato conosco atrav\u00e9s dos canais de atendimento abaixo.\n<\/h6>\t\t\t\t<\/div>\n\t\t\t\t<\/div>\n\t\t\t\t\t<\/div>\n\t\t\t\t<\/div>\n\t\t<div class=\"elementor-element elementor-element-52b1daa e-flex e-con-boxed e-con e-parent\" data-id=\"52b1daa\" data-element_type=\"container\">\n\t\t\t\t\t<div class=\"e-con-inner\">\n\t\t\t\t<div class=\"elementor-element elementor-element-1dc4e32 elementor-widget elementor-widget-image\" data-id=\"1dc4e32\" data-element_type=\"widget\" data-widget_type=\"image.default\">\n\t\t\t\t<div class=\"elementor-widget-container\">\n\t\t\t\t\t\t\t\t\t\t\t\t\t\t\t\t<a href=\"https:\/\/wa.me\/5551995560599\" target=\"_blank\">\n\t\t\t\t\t\t\t<img decoding=\"async\" src=\"https:\/\/sebras.com.br\/site\/wp-content\/plugins\/elementor\/assets\/images\/placeholder.png\" title=\"\" alt=\"\" loading=\"lazy\" \/>\t\t\t\t\t\t\t\t<\/a>\n\t\t\t\t\t\t\t\t\t\t\t\t\t\t\t<\/div>\n\t\t\t\t<\/div>\n\t\t\t\t\t<\/div>\n\t\t\t\t<\/div>\n\t\t\t\t<\/div>","protected":false},"excerpt":{"rendered":"<p>A Feira Expodireto 2017 foi lan\u00e7ada oficialmente no dia 14 de fevereiro em Porto Alegre. A solenidade ocorreu\u00a0as 9h, no Pal\u00e1cio Piratini, e reuniu\u00a0autoridades, imprensa, patrocinadores e representantes de entidades ligadas ao agroneg\u00f3cio. O governador Jos\u00e9 Ivo Sartori esteve presente. Sartori tamb\u00e9m estar\u00e1 presente da abertura oficial da feira, em N\u00e3o-Me-Toque. A edi\u00e7\u00e3o deste ano [&hellip;]<\/p>\n","protected":false},"featured_media":0,"parent":0,"template":"","meta":{"_acf_changed":false},"categoria-do-blog":[27],"class_list":["post-3144","blog","type-blog","status-publish","hentry","categoria-do-blog-noticia"],"acf":[],"_links":{"self":[{"href":"https:\/\/sebras.com.br\/en\/wp-json\/wp\/v2\/blog\/3144","targetHints":{"allow":["GET"]}}],"collection":[{"href":"https:\/\/sebras.com.br\/en\/wp-json\/wp\/v2\/blog"}],"about":[{"href":"https:\/\/sebras.com.br\/en\/wp-json\/wp\/v2\/types\/blog"}],"version-history":[{"count":5,"href":"https:\/\/sebras.com.br\/en\/wp-json\/wp\/v2\/blog\/3144\/revisions"}],"predecessor-version":[{"id":3150,"href":"https:\/\/sebras.com.br\/en\/wp-json\/wp\/v2\/blog\/3144\/revisions\/3150"}],"wp:attachment":[{"href":"https:\/\/sebras.com.br\/en\/wp-json\/wp\/v2\/media?parent=3144"}],"wp:term":[{"taxonomy":"categoria-do-blog","embeddable":true,"href":"https:\/\/sebras.com.br\/en\/wp-json\/wp\/v2\/categoria-do-blog?post=3144"}],"curies":[{"name":"wp","href":"https:\/\/api.w.org\/{rel}","templated":true}]}}